{"id":395,"date":"2025-06-27T07:59:55","date_gmt":"2025-06-27T07:59:55","guid":{"rendered":"https:\/\/mascasaverde.org\/?p=395"},"modified":"2025-06-27T12:31:29","modified_gmt":"2025-06-27T12:31:29","slug":"mas-casa-presenta-el-proyecto-y-sus-resultados-en-las-vii-jornadas-de-salud-mental-infanto-juvenil-del-hospital-infanta-leonor","status":"publish","type":"post","link":"https:\/\/mascasaverde.org\/index.php\/2025\/06\/27\/mas-casa-presenta-el-proyecto-y-sus-resultados-en-las-vii-jornadas-de-salud-mental-infanto-juvenil-del-hospital-infanta-leonor\/","title":{"rendered":"M\u00e1s Casa presenta el proyecto y sus resultados en las VII Jornadas de Salud Mental Infanto-Juvenil del Hospital Infanta Leonor"},"content":{"rendered":"<p>Hoy, 27 de junio de 2025, Fundaci\u00f3n Manantial ha participado en las <strong data-start=\"327\" data-end=\"427\">VII Jornadas de Aspectos Psicosociales y Continuidad Asistencial en Salud Mental Infanto-Juvenil<\/strong>, celebradas en el Hospital Universitario Infanta Leonor. El encuentro, bajo el lema <em data-start=\"512\" data-end=\"557\">\u201cEl abordaje en la intervenci\u00f3n del riesgo\u201d<\/em>, reuni\u00f3 a profesionales del \u00e1mbito sociosanitario para compartir propuestas de intervenci\u00f3n ante situaciones de riesgo psicosocial en poblaci\u00f3n infanto-juvenil.<\/p>\r\n<p data-start=\"719\" data-end=\"1257\">En el marco de la mesa de buenas pr\u00e1cticas en intervenci\u00f3n, nuestras compa\u00f1eras <strong data-start=\"799\" data-end=\"823\">Raquel del Amo G\u00f3mez<\/strong> y <strong data-start=\"826\" data-end=\"856\">Teresa Vallesp\u00edn Rodr\u00edguez<\/strong> presentaron el proyecto de prevenci\u00f3n <strong data-start=\"895\" data-end=\"918\">M\u00e1s Casa\/Casa Verde<\/strong>, impulsado por Fundaci\u00f3n Manantial. Su intervenci\u00f3n, titulada <em data-start=\"981\" data-end=\"1010\">\u201cMaternidad y Salud Mental\u201d<\/em>, destac\u00f3 la importancia de abordar la salud mental perinatal en madres con problemas de salud mental y en situaci\u00f3n de vulnerabilidad social, as\u00ed como los beneficios que el acompa\u00f1amiento profesional tiene sobre el bienestar de sus hijas e hijos.<\/p>\r\n<p data-start=\"1259\" data-end=\"1502\">La participaci\u00f3n en esta jornada reafirma nuestro compromiso con el trabajo en red y con la implantaci\u00f3n de modelos de atenci\u00f3n temprana y preventiva que pongan en el centro el v\u00ednculo materno-filial como eje protector del desarrollo infantil.<\/p>\r\n<h3 data-start=\"1950\" data-end=\"1975\">Sobre el proyecto M\u00e1s Casa<\/h3>\r\n<p><strong>&#8220;M\u00e1s Casa\u201d<\/strong> es un proyecto piloto para la sistematizacio\u0301n y medicio\u0301n de la metodologi\u0301a \u201cCasa Verde\u201d, un programa de atenci\u00f3n que pusimos en marcha hace 14 a\u00f1os dirigido a madres y padres o mujeres embarazadas con problemas de salud mental o inestabilidad emocional y a sus hijos e hijas entre 0 y 5 a\u00f1os, que pretende prevenir posibles alteraciones emocionales y\/o en el desarrollo de los ni\u00f1os.<\/p>\r\n\r\n\r\n\r\n<p>Este proyecto piloto de innovaci\u00f3n social ha sido subvencionado por la\u00a0<a href=\"https:\/\/www.comunidad.madrid\/centros\/consejeria-familia-juventud-asuntos-sociales\" target=\"_blank\" rel=\"noreferrer noopener\">Consejer\u00eda de Familia, Juventud y Asuntos Sociales<\/a>\u00a0de la Comunidad de Madrid y cofinanciado por el <a href=\"https:\/\/planderecuperacion.gob.es\/\" target=\"_blank\" rel=\"noreferrer noopener\">Plan de Recuperaci\u00f3n, Transformaci\u00f3n y\u00a0Resiliencia<\/a>, financiado por la Uni\u00f3n Europea \u2013 <a href=\"https:\/\/next-generation-eu.europa.eu\/index_es\" target=\"_blank\" rel=\"noreferrer noopener\">NextGenerationEU<\/a>.<\/p>\r\n<p data-start=\"1259\" data-end=\"1502\"><strong><a href=\"https:\/\/www.fundacionmanantial.org\/wp-content\/uploads\/2025\/06\/Informe-Mas-Casa-Fundacion-Manantial.pdf\" target=\"_blank\" rel=\"noreferrer noopener\">Lee el informe completo con los resultados de M\u00e1s Casa<\/a><\/strong><\/p>","protected":false},"excerpt":{"rendered":"<p>Hoy, 27 de junio de 2025, Fundaci\u00f3n Manantial ha participado en las VII Jornadas de Aspectos Psicosociales y Continuidad Asistencial en Salud Mental Infanto-Juvenil, celebradas en el Hospital Universitario Infanta Leonor. El encuentro, bajo el lema \u201cEl abordaje en la intervenci\u00f3n del riesgo\u201d, reuni\u00f3 a profesionales del \u00e1mbito sociosanitario para compartir propuestas de intervenci\u00f3n ante [&hellip;]<\/p>\n","protected":false},"author":3,"featured_media":399,"comment_status":"closed","ping_status":"closed","sticky":false,"template":"","format":"standard","meta":{"_et_pb_use_builder":"","_et_pb_old_content":"","_et_gb_content_width":"","footnotes":""},"categories":[1],"tags":[26,22,6,164,165,35,5,91,40,163,4,161,162],"class_list":["post-395","post","type-post","status-publish","format-standard","has-post-thumbnail","hentry","category-sin-categoria","tag-casa-verde","tag-fundacion-manantial","tag-infancia","tag-intervencion-social","tag-jornadas-salud-mental","tag-mas-casa","tag-maternidad","tag-perinatal","tag-prevencion","tag-riesgo-psicosocial","tag-salud-mental","tag-salud-mental-infanto-juvenil","tag-vinculo-materno-filial"],"yoast_head":"<!-- This site is optimized with the Yoast SEO plugin v20.6 - https:\/\/yoast.com\/wordpress\/plugins\/seo\/ -->\n<title>M\u00e1s Casa presenta el proyecto y sus resultados en las VII Jornadas de Salud Mental Infanto-Juvenil del Hospital Infanta Leonor - Mas Casa Verde<\/title>\n<meta name=\"description\" content=\"Fundaci\u00f3n Manantial participa en las VII Jornadas de Salud Mental Infanto-Juvenil con la presentaci\u00f3n del proyecto M\u00e1s Casa\/Casa Verde sobre maternidad y salud mental.\" \/>\n<meta name=\"robots\" content=\"index, follow, max-snippet:-1, max-image-preview:large, max-video-preview:-1\" \/>\n<link rel=\"canonical\" href=\"https:\/\/mascasaverde.org\/index.php\/2025\/06\/27\/mas-casa-presenta-el-proyecto-y-sus-resultados-en-las-vii-jornadas-de-salud-mental-infanto-juvenil-del-hospital-infanta-leonor\/\" \/>\n<meta property=\"og:locale\" content=\"en_US\" \/>\n<meta property=\"og:type\" content=\"article\" \/>\n<meta property=\"og:title\" content=\"M\u00e1s Casa presenta el proyecto y sus resultados en las VII Jornadas de Salud Mental Infanto-Juvenil del Hospital Infanta Leonor - Mas Casa Verde\" \/>\n<meta property=\"og:description\" content=\"Fundaci\u00f3n Manantial participa en las VII Jornadas de Salud Mental Infanto-Juvenil con la presentaci\u00f3n del proyecto M\u00e1s Casa\/Casa Verde sobre maternidad y salud mental.\" \/>\n<meta property=\"og:url\" content=\"https:\/\/mascasaverde.org\/index.php\/2025\/06\/27\/mas-casa-presenta-el-proyecto-y-sus-resultados-en-las-vii-jornadas-de-salud-mental-infanto-juvenil-del-hospital-infanta-leonor\/\" \/>\n<meta property=\"og:site_name\" content=\"Mas Casa Verde\" \/>\n<meta property=\"article:published_time\" content=\"2025-06-27T07:59:55+00:00\" \/>\n<meta property=\"article:modified_time\" content=\"2025-06-27T12:31:29+00:00\" \/>\n<meta property=\"og:image\" content=\"https:\/\/mascasaverde.org\/wp-content\/uploads\/2025\/06\/mas-casa-resultados-jornada-hospital-infanta-leonor-salud-mental-infancia.jpg\" \/>\n\t<meta property=\"og:image:width\" content=\"1920\" \/>\n\t<meta property=\"og:image:height\" content=\"676\" \/>\n\t<meta property=\"og:image:type\" content=\"image\/jpeg\" \/>\n<meta name=\"author\" content=\"M\u00e1s Casa\" \/>\n<meta name=\"twitter:card\" content=\"summary_large_image\" \/>\n<meta name=\"twitter:label1\" content=\"Written by\" \/>\n\t<meta name=\"twitter:data1\" content=\"M\u00e1s Casa\" \/>\n\t<meta name=\"twitter:label2\" content=\"Est. reading time\" \/>\n\t<meta name=\"twitter:data2\" content=\"2 minutes\" \/>\n<script type=\"application\/ld+json\" class=\"yoast-schema-graph\">{\"@context\":\"https:\/\/schema.org\",\"@graph\":[{\"@type\":\"WebPage\",\"@id\":\"https:\/\/mascasaverde.org\/index.php\/2025\/06\/27\/mas-casa-presenta-el-proyecto-y-sus-resultados-en-las-vii-jornadas-de-salud-mental-infanto-juvenil-del-hospital-infanta-leonor\/\",\"url\":\"https:\/\/mascasaverde.org\/index.php\/2025\/06\/27\/mas-casa-presenta-el-proyecto-y-sus-resultados-en-las-vii-jornadas-de-salud-mental-infanto-juvenil-del-hospital-infanta-leonor\/\",\"name\":\"M\u00e1s Casa presenta el proyecto y sus resultados en las VII Jornadas de Salud Mental Infanto-Juvenil del Hospital Infanta Leonor - Mas Casa Verde\",\"isPartOf\":{\"@id\":\"https:\/\/mascasaverde.org\/#website\"},\"datePublished\":\"2025-06-27T07:59:55+00:00\",\"dateModified\":\"2025-06-27T12:31:29+00:00\",\"author\":{\"@id\":\"https:\/\/mascasaverde.org\/#\/schema\/person\/3a2c5d2514d17262754e77c4f4ac4172\"},\"description\":\"Fundaci\u00f3n Manantial participa en las VII Jornadas de Salud Mental Infanto-Juvenil con la presentaci\u00f3n del proyecto M\u00e1s Casa\/Casa Verde sobre maternidad y salud mental.\",\"breadcrumb\":{\"@id\":\"https:\/\/mascasaverde.org\/index.php\/2025\/06\/27\/mas-casa-presenta-el-proyecto-y-sus-resultados-en-las-vii-jornadas-de-salud-mental-infanto-juvenil-del-hospital-infanta-leonor\/#breadcrumb\"},\"inLanguage\":\"en-US\",\"potentialAction\":[{\"@type\":\"ReadAction\",\"target\":[\"https:\/\/mascasaverde.org\/index.php\/2025\/06\/27\/mas-casa-presenta-el-proyecto-y-sus-resultados-en-las-vii-jornadas-de-salud-mental-infanto-juvenil-del-hospital-infanta-leonor\/\"]}]},{\"@type\":\"BreadcrumbList\",\"@id\":\"https:\/\/mascasaverde.org\/index.php\/2025\/06\/27\/mas-casa-presenta-el-proyecto-y-sus-resultados-en-las-vii-jornadas-de-salud-mental-infanto-juvenil-del-hospital-infanta-leonor\/#breadcrumb\",\"itemListElement\":[{\"@type\":\"ListItem\",\"position\":1,\"name\":\"Portada\",\"item\":\"https:\/\/mascasaverde.org\/\"},{\"@type\":\"ListItem\",\"position\":2,\"name\":\"M\u00e1s Casa presenta el proyecto y sus resultados en las VII Jornadas de Salud Mental Infanto-Juvenil del Hospital Infanta Leonor\"}]},{\"@type\":\"WebSite\",\"@id\":\"https:\/\/mascasaverde.org\/#website\",\"url\":\"https:\/\/mascasaverde.org\/\",\"name\":\"Mas Casa Verde\",\"description\":\"Un proyecto de Fundaci\u00f3n Manantial\",\"potentialAction\":[{\"@type\":\"SearchAction\",\"target\":{\"@type\":\"EntryPoint\",\"urlTemplate\":\"https:\/\/mascasaverde.org\/?s={search_term_string}\"},\"query-input\":\"required name=search_term_string\"}],\"inLanguage\":\"en-US\"},{\"@type\":\"Person\",\"@id\":\"https:\/\/mascasaverde.org\/#\/schema\/person\/3a2c5d2514d17262754e77c4f4ac4172\",\"name\":\"M\u00e1s Casa\",\"sameAs\":[\"http:\/\/ideahotel.es\"],\"url\":\"https:\/\/mascasaverde.org\/index.php\/author\/ideahotel-ext\/\"}]}<\/script>\n<!-- \/ Yoast SEO plugin. -->","yoast_head_json":{"title":"M\u00e1s Casa presenta el proyecto y sus resultados en las VII Jornadas de Salud Mental Infanto-Juvenil del Hospital Infanta Leonor - Mas Casa Verde","description":"Fundaci\u00f3n Manantial participa en las VII Jornadas de Salud Mental Infanto-Juvenil con la presentaci\u00f3n del proyecto M\u00e1s Casa\/Casa Verde sobre maternidad y salud mental.","robots":{"index":"index","follow":"follow","max-snippet":"max-snippet:-1","max-image-preview":"max-image-preview:large","max-video-preview":"max-video-preview:-1"},"canonical":"https:\/\/mascasaverde.org\/index.php\/2025\/06\/27\/mas-casa-presenta-el-proyecto-y-sus-resultados-en-las-vii-jornadas-de-salud-mental-infanto-juvenil-del-hospital-infanta-leonor\/","og_locale":"en_US","og_type":"article","og_title":"M\u00e1s Casa presenta el proyecto y sus resultados en las VII Jornadas de Salud Mental Infanto-Juvenil del Hospital Infanta Leonor - Mas Casa Verde","og_description":"Fundaci\u00f3n Manantial participa en las VII Jornadas de Salud Mental Infanto-Juvenil con la presentaci\u00f3n del proyecto M\u00e1s Casa\/Casa Verde sobre maternidad y salud mental.","og_url":"https:\/\/mascasaverde.org\/index.php\/2025\/06\/27\/mas-casa-presenta-el-proyecto-y-sus-resultados-en-las-vii-jornadas-de-salud-mental-infanto-juvenil-del-hospital-infanta-leonor\/","og_site_name":"Mas Casa Verde","article_published_time":"2025-06-27T07:59:55+00:00","article_modified_time":"2025-06-27T12:31:29+00:00","og_image":[{"width":1920,"height":676,"url":"https:\/\/mascasaverde.org\/wp-content\/uploads\/2025\/06\/mas-casa-resultados-jornada-hospital-infanta-leonor-salud-mental-infancia.jpg","type":"image\/jpeg"}],"author":"M\u00e1s Casa","twitter_card":"summary_large_image","twitter_misc":{"Written by":"M\u00e1s Casa","Est. reading time":"2 minutes"},"schema":{"@context":"https:\/\/schema.org","@graph":[{"@type":"WebPage","@id":"https:\/\/mascasaverde.org\/index.php\/2025\/06\/27\/mas-casa-presenta-el-proyecto-y-sus-resultados-en-las-vii-jornadas-de-salud-mental-infanto-juvenil-del-hospital-infanta-leonor\/","url":"https:\/\/mascasaverde.org\/index.php\/2025\/06\/27\/mas-casa-presenta-el-proyecto-y-sus-resultados-en-las-vii-jornadas-de-salud-mental-infanto-juvenil-del-hospital-infanta-leonor\/","name":"M\u00e1s Casa presenta el proyecto y sus resultados en las VII Jornadas de Salud Mental Infanto-Juvenil del Hospital Infanta Leonor - Mas Casa Verde","isPartOf":{"@id":"https:\/\/mascasaverde.org\/#website"},"datePublished":"2025-06-27T07:59:55+00:00","dateModified":"2025-06-27T12:31:29+00:00","author":{"@id":"https:\/\/mascasaverde.org\/#\/schema\/person\/3a2c5d2514d17262754e77c4f4ac4172"},"description":"Fundaci\u00f3n Manantial participa en las VII Jornadas de Salud Mental Infanto-Juvenil con la presentaci\u00f3n del proyecto M\u00e1s Casa\/Casa Verde sobre maternidad y salud mental.","breadcrumb":{"@id":"https:\/\/mascasaverde.org\/index.php\/2025\/06\/27\/mas-casa-presenta-el-proyecto-y-sus-resultados-en-las-vii-jornadas-de-salud-mental-infanto-juvenil-del-hospital-infanta-leonor\/#breadcrumb"},"inLanguage":"en-US","potentialAction":[{"@type":"ReadAction","target":["https:\/\/mascasaverde.org\/index.php\/2025\/06\/27\/mas-casa-presenta-el-proyecto-y-sus-resultados-en-las-vii-jornadas-de-salud-mental-infanto-juvenil-del-hospital-infanta-leonor\/"]}]},{"@type":"BreadcrumbList","@id":"https:\/\/mascasaverde.org\/index.php\/2025\/06\/27\/mas-casa-presenta-el-proyecto-y-sus-resultados-en-las-vii-jornadas-de-salud-mental-infanto-juvenil-del-hospital-infanta-leonor\/#breadcrumb","itemListElement":[{"@type":"ListItem","position":1,"name":"Portada","item":"https:\/\/mascasaverde.org\/"},{"@type":"ListItem","position":2,"name":"M\u00e1s Casa presenta el proyecto y sus resultados en las VII Jornadas de Salud Mental Infanto-Juvenil del Hospital Infanta Leonor"}]},{"@type":"WebSite","@id":"https:\/\/mascasaverde.org\/#website","url":"https:\/\/mascasaverde.org\/","name":"Mas Casa Verde","description":"Un proyecto de Fundaci\u00f3n Manantial","potentialAction":[{"@type":"SearchAction","target":{"@type":"EntryPoint","urlTemplate":"https:\/\/mascasaverde.org\/?s={search_term_string}"},"query-input":"required name=search_term_string"}],"inLanguage":"en-US"},{"@type":"Person","@id":"https:\/\/mascasaverde.org\/#\/schema\/person\/3a2c5d2514d17262754e77c4f4ac4172","name":"M\u00e1s Casa","sameAs":["http:\/\/ideahotel.es"],"url":"https:\/\/mascasaverde.org\/index.php\/author\/ideahotel-ext\/"}]}},"_links":{"self":[{"href":"https:\/\/mascasaverde.org\/index.php\/wp-json\/wp\/v2\/posts\/395","targetHints":{"allow":["GET"]}}],"collection":[{"href":"https:\/\/mascasaverde.org\/index.php\/wp-json\/wp\/v2\/posts"}],"about":[{"href":"https:\/\/mascasaverde.org\/index.php\/wp-json\/wp\/v2\/types\/post"}],"author":[{"embeddable":true,"href":"https:\/\/mascasaverde.org\/index.php\/wp-json\/wp\/v2\/users\/3"}],"replies":[{"embeddable":true,"href":"https:\/\/mascasaverde.org\/index.php\/wp-json\/wp\/v2\/comments?post=395"}],"version-history":[{"count":2,"href":"https:\/\/mascasaverde.org\/index.php\/wp-json\/wp\/v2\/posts\/395\/revisions"}],"predecessor-version":[{"id":397,"href":"https:\/\/mascasaverde.org\/index.php\/wp-json\/wp\/v2\/posts\/395\/revisions\/397"}],"wp:featuredmedia":[{"embeddable":true,"href":"https:\/\/mascasaverde.org\/index.php\/wp-json\/wp\/v2\/media\/399"}],"wp:attachment":[{"href":"https:\/\/mascasaverde.org\/index.php\/wp-json\/wp\/v2\/media?parent=395"}],"wp:term":[{"taxonomy":"category","embeddable":true,"href":"https:\/\/mascasaverde.org\/index.php\/wp-json\/wp\/v2\/categories?post=395"},{"taxonomy":"post_tag","embeddable":true,"href":"https:\/\/mascasaverde.org\/index.php\/wp-json\/wp\/v2\/tags?post=395"}],"curies":[{"name":"wp","href":"https:\/\/api.w.org\/{rel}","templated":true}]}}