{"id":360,"date":"2025-06-24T14:44:14","date_gmt":"2025-06-24T14:44:14","guid":{"rendered":"https:\/\/mascasaverde.org\/?p=360"},"modified":"2025-06-24T15:50:12","modified_gmt":"2025-06-24T15:50:12","slug":"mas-casa-presenta-sus-resultados-en-el-ministerio-de-sanidad","status":"publish","type":"post","link":"https:\/\/mascasaverde.org\/index.php\/2025\/06\/24\/mas-casa-presenta-sus-resultados-en-el-ministerio-de-sanidad\/","title":{"rendered":"M\u00e1s Casa presenta sus resultados en el Ministerio de Sanidad"},"content":{"rendered":"<p><strong>24 de junio de 2025. Fundaci\u00f3n Manantial presenta los resultados del proyecto M\u00e1s Casa en la jornada &#8220;Maternidad y salud mental&#8221;.<\/strong><\/p>\r\n<!-- \/wp:post-content -->\r\n\r\n<!-- wp:paragraph -->\r\n<p>Esta ma\u00f1ana se ha celebrado\u00a0la jornada\u00a0<strong>\u201cMaternidad y salud mental\u201d<\/strong> en la sede del\u00a0<strong>Ministerio de Sanidad<\/strong>, organizada por\u00a0<strong>Fundaci\u00f3n Manantial<\/strong>, con la participaci\u00f3n del <strong>Comisionado de Salud Mental<\/strong> y\u00a0<strong>UNICEF<\/strong>. En el evento se han presentado los resultados del proyecto\u00a0<strong>M\u00e1s Casa<\/strong>, una iniciativa pionera de Fundaci\u00f3n Manantial para apoyar la maternidad y la salud mental en contextos de vulnerabilidad.<\/p>\r\n<!-- \/wp:paragraph -->\r\n\r\n<!-- wp:paragraph -->\r\n<p>M\u00e1s Casa es un proyecto piloto de innovaci\u00f3n social basado en el modelo\u00a0<strong>Casa Verde<\/strong>,\u00a0centrado en la prevenci\u00f3n del sufrimiento ps\u00edquico infantil, el fortalecimiento del\u00a0v\u00ednculo entre madres, padres y cuidadores\/as con sus hijos\/as, y la creaci\u00f3n de redes de\u00a0apoyo comunitario. El principal objetivo es sistematizar la metodolog\u00eda\u00a0<strong>Casa Verde<\/strong>\u00a0de\u00a0intervenci\u00f3n temprana y conseguir:<\/p>\r\n<!-- \/wp:paragraph -->\r\n\r\n<!-- wp:paragraph -->\r\n<p><strong>\u2022 Prevenir y disminuir situaciones de riesgo en la infancia.<\/strong><\/p>\r\n<!-- \/wp:paragraph -->\r\n\r\n<!-- wp:paragraph -->\r\n<p><strong>\u2022 Apoyar y orientar en la crianza a familias vulnerables.<\/strong><\/p>\r\n<!-- \/wp:paragraph -->\r\n\r\n<!-- wp:paragraph -->\r\n<p><strong>\u2022 Preservar el v\u00ednculo entre la madre y el ni\u00f1o.<\/strong><\/p>\r\n<!-- \/wp:paragraph -->\r\n\r\n<!-- wp:paragraph -->\r\n<p><strong>\u2022 Evitar la p\u00e9rdida de custodia de los ni\u00f1os y ni\u00f1as y su institucionalizaci\u00f3n.<\/strong><\/p>\r\n<!-- \/wp:paragraph -->\r\n\r\n<!-- wp:paragraph -->\r\n<p>Durante la jornada se ha hecho entrega del informe completo con los principales hallazgos del proyecto, que ha sido subvencionado por la\u00a0<a href=\"https:\/\/www.comunidad.madrid\/centros\/consejeria-familia-juventud-asuntos-sociales\" target=\"_blank\" rel=\"noreferrer noopener\">Consejer\u00eda de Familia, Juventud y Asuntos Sociales<\/a>\u00a0de la Comunidad de Madrid y cofinanciado por el <a href=\"https:\/\/planderecuperacion.gob.es\/\" target=\"_blank\" rel=\"noreferrer noopener\">Plan de Recuperaci\u00f3n, Transformaci\u00f3n y\u00a0Resiliencia<\/a>, financiado por la Uni\u00f3n Europea \u2013 <a href=\"https:\/\/next-generation-eu.europa.eu\/index_es\" target=\"_blank\" rel=\"noreferrer noopener\">NextGenerationEU<\/a>.<\/p>\r\n<h3 class=\"wp-block-heading\">Datos clave del informe:<!-- \/wp:paragraph -->\r\n\r\n<!-- wp:list --><\/h3>\r\n<ul class=\"wp-block-list\"><!-- wp:list-item -->\r\n<li><strong>Por cada 1\u20ac invertido en M\u00e1s Casa, el retorno social ha sido de casi 3\u20ac, triplicando el coste de la inversi\u00f3n.<\/strong><\/li>\r\n<!-- \/wp:list-item -->\r\n\r\n<!-- wp:list-item -->\r\n<li><strong>Casi un mill\u00f3n de euros en beneficios sociales.\u00a0\u00a0<\/strong><\/li>\r\n<!-- \/wp:list-item -->\r\n\r\n<!-- wp:list-item -->\r\n<li><strong>0 retiradas de guarda y custodia<\/strong>\u00a0durante el a\u00f1o de intervenci\u00f3n del piloto M\u00e1s Casa.<\/li>\r\n<!-- \/wp:list-item -->\r\n\r\n<!-- wp:list-item -->\r\n<li><strong>49 % de los cuidadores principales se han incorporado a un empleo.<\/strong><\/li>\r\n<!-- \/wp:list-item --><\/ul>\r\n<!-- \/wp:list -->\r\n\r\n<!-- wp:paragraph -->\r\n<p>Estos resultados consolidan a M\u00e1s Casa como un modelo preventivo eficaz frente a situaciones de desamparo infantil, institucionalizaci\u00f3n y transmisi\u00f3n intergeneracional del trauma. Adem\u00e1s, se destaca su impacto en la promoci\u00f3n de la autonom\u00eda econ\u00f3mica de las mujeres y en el fortalecimiento del v\u00ednculo madre-hijo en los primeros a\u00f1os de vida.<\/p>\r\n<!-- \/wp:paragraph -->\r\n\r\n<!-- wp:paragraph -->\r\n<p>Durante la presentaci\u00f3n, el equipo t\u00e9cnico de Fundaci\u00f3n Manantial ha subrayado que\u00a0\u201cM\u00e1s Casa ofrece a las mujeres \u2014especialmente aquellas en situaciones de exclusi\u00f3n, migraci\u00f3n o v\u00edctimas de violencia\u2014 una nueva oportunidad para ejercer la maternidad desde el acompa\u00f1amiento, la confianza y la reconstrucci\u00f3n de redes de apoyo\u201d.<\/p>\r\n<!-- \/wp:paragraph -->\r\n\r\n<!-- wp:heading {\"level\":3} -->\r\n<h3 class=\"wp-block-heading\">Una jornada para impulsar modelos replicables<!-- \/wp:heading -->\r\n\r\n<!-- wp:paragraph --><\/h3>\r\n<p>La jornada ha reunido a profesionales de la salud mental, servicios sociales, infancia y pol\u00edticas p\u00fablicas, con el objetivo de visibilizar la importancia de una atenci\u00f3n integral a la salud mental perinatal y el potencial de la prevenci\u00f3n. El modelo M\u00e1s Casa, inspirado en la experiencia del programa Casa Verde de Fundaci\u00f3n Manantial, se propone como referente replicable en otros territorios.<\/p>\r\n<!-- \/wp:paragraph -->\r\n\r\n<!-- wp:paragraph -->\r\n<p><strong>Miriam Dur\u00e1n<\/strong>, de <a href=\"https:\/\/www.ksnet.eu\/\" target=\"_blank\" rel=\"noreferrer noopener\">KSNET (Knowledge Sharing Network)<\/a>, ha puesto de relieve que M\u00e1s Casa es una apuesta de pol\u00edtica p\u00fablica en salud mental infantil. &#8220;Al poner en el centro la escucha, el acompa\u00f1amiento sostenido y la dignidad de los cuidados, M\u00e1s Casa no solo previene situaciones de desprotecci\u00f3n, sino que abre la posibilidad de recomponer trayectorias vitales y de generar nuevas formas de relaci\u00f3n entre lo p\u00fablico, lo profesional y lo afectivo&#8221;.<\/p>\r\n<!-- \/wp:paragraph -->\r\n\r\n<!-- wp:paragraph -->\r\n<p>Con esta iniciativa,\u00a0<strong>Fundaci\u00f3n Manantial<\/strong>\u00a0reafirma su compromiso con una atenci\u00f3n temprana, comunitaria y centrada en la familia, que contribuya a mejorar la salud mental y emocional de madres, padres e hijos en momentos clave del desarrollo infantil.<\/p>\r\n<!-- \/wp:paragraph -->\r\n\r\n<!-- wp:paragraph -->\r\n<p><strong><a href=\"https:\/\/www.fundacionmanantial.org\/wp-content\/uploads\/2025\/06\/Informe-Mas-Casa-Fundacion-Manantial.pdf\" target=\"_blank\" rel=\"noreferrer noopener\">Lee el informe completo con los resultados de M\u00e1s Casa<\/a><\/strong><\/p>\r\n<!-- \/wp:paragraph -->","protected":false},"excerpt":{"rendered":"<p>24 de junio de 2025. Fundaci\u00f3n Manantial presenta los resultados del proyecto M\u00e1s Casa en la jornada &#8220;Maternidad y salud mental&#8221;. Esta ma\u00f1ana se ha celebrado\u00a0la jornada\u00a0\u201cMaternidad y salud mental\u201d en la sede del\u00a0Ministerio de Sanidad, organizada por\u00a0Fundaci\u00f3n Manantial, con la participaci\u00f3n del Comisionado de Salud Mental y\u00a0UNICEF. En el evento se han presentado los [&hellip;]<\/p>\n","protected":false},"author":3,"featured_media":390,"comment_status":"closed","ping_status":"closed","sticky":false,"template":"","format":"standard","meta":{"_et_pb_use_builder":"","_et_pb_old_content":"","_et_gb_content_width":"","footnotes":""},"categories":[1],"tags":[156,158,26,155,22,138,41,133,157,5,154,131,4,142,159],"class_list":["post-360","post","type-post","status-publish","format-standard","has-post-thumbnail","hentry","category-sin-categoria","tag-acompanamiento-familiar","tag-apoyo-a-la-crianza","tag-casa-verde","tag-exclusion-social","tag-fundacion-manantial","tag-infancia-vulnerable","tag-innovacion-social","tag-intervencion-temprana","tag-jornada-mas-casa","tag-maternidad","tag-politicas-publicas","tag-prevencion-infantil","tag-salud-mental","tag-salud-mental-perinatal","tag-trauma-intergeneracional"],"yoast_head":"<!-- This site is optimized with the Yoast SEO plugin v20.6 - https:\/\/yoast.com\/wordpress\/plugins\/seo\/ -->\n<title>M\u00e1s Casa presenta sus resultados en el Ministerio de Sanidad - Mas Casa Verde<\/title>\n<meta name=\"description\" content=\"Fundaci\u00f3n Manantial presenta en el Ministerio de Sanidad los resultados de M\u00e1s Casa, un proyecto pionero en salud mental perinatal y apoyo a la maternidad en contextos de vulnerabilidad. El modelo demuestra un impacto social positivo, con retorno econ\u00f3mico y beneficios en prevenci\u00f3n infantil.\" \/>\n<meta name=\"robots\" content=\"index, follow, max-snippet:-1, max-image-preview:large, max-video-preview:-1\" \/>\n<link rel=\"canonical\" href=\"https:\/\/mascasaverde.org\/index.php\/2025\/06\/24\/mas-casa-presenta-sus-resultados-en-el-ministerio-de-sanidad\/\" \/>\n<meta property=\"og:locale\" content=\"en_US\" \/>\n<meta property=\"og:type\" content=\"article\" \/>\n<meta property=\"og:title\" content=\"M\u00e1s Casa presenta sus resultados en el Ministerio de Sanidad - Mas Casa Verde\" \/>\n<meta property=\"og:description\" content=\"Fundaci\u00f3n Manantial presenta en el Ministerio de Sanidad los resultados de M\u00e1s Casa, un proyecto pionero en salud mental perinatal y apoyo a la maternidad en contextos de vulnerabilidad. El modelo demuestra un impacto social positivo, con retorno econ\u00f3mico y beneficios en prevenci\u00f3n infantil.\" \/>\n<meta property=\"og:url\" content=\"https:\/\/mascasaverde.org\/index.php\/2025\/06\/24\/mas-casa-presenta-sus-resultados-en-el-ministerio-de-sanidad\/\" \/>\n<meta property=\"og:site_name\" content=\"Mas Casa Verde\" \/>\n<meta property=\"article:published_time\" content=\"2025-06-24T14:44:14+00:00\" \/>\n<meta property=\"article:modified_time\" content=\"2025-06-24T15:50:12+00:00\" \/>\n<meta property=\"og:image\" content=\"https:\/\/mascasaverde.org\/wp-content\/uploads\/2025\/06\/mas-casa-resultados-jornada-ministerio-sanidad-salud-mental-infancia.jpg\" \/>\n\t<meta property=\"og:image:width\" content=\"1920\" \/>\n\t<meta property=\"og:image:height\" content=\"676\" \/>\n\t<meta property=\"og:image:type\" content=\"image\/jpeg\" \/>\n<meta name=\"author\" content=\"M\u00e1s Casa\" \/>\n<meta name=\"twitter:card\" content=\"summary_large_image\" \/>\n<meta name=\"twitter:label1\" content=\"Written by\" \/>\n\t<meta name=\"twitter:data1\" content=\"M\u00e1s Casa\" \/>\n\t<meta name=\"twitter:label2\" content=\"Est. reading time\" \/>\n\t<meta name=\"twitter:data2\" content=\"3 minutes\" \/>\n<script type=\"application\/ld+json\" class=\"yoast-schema-graph\">{\"@context\":\"https:\/\/schema.org\",\"@graph\":[{\"@type\":\"WebPage\",\"@id\":\"https:\/\/mascasaverde.org\/index.php\/2025\/06\/24\/mas-casa-presenta-sus-resultados-en-el-ministerio-de-sanidad\/\",\"url\":\"https:\/\/mascasaverde.org\/index.php\/2025\/06\/24\/mas-casa-presenta-sus-resultados-en-el-ministerio-de-sanidad\/\",\"name\":\"M\u00e1s Casa presenta sus resultados en el Ministerio de Sanidad - Mas Casa Verde\",\"isPartOf\":{\"@id\":\"https:\/\/mascasaverde.org\/#website\"},\"datePublished\":\"2025-06-24T14:44:14+00:00\",\"dateModified\":\"2025-06-24T15:50:12+00:00\",\"author\":{\"@id\":\"https:\/\/mascasaverde.org\/#\/schema\/person\/3a2c5d2514d17262754e77c4f4ac4172\"},\"description\":\"Fundaci\u00f3n Manantial presenta en el Ministerio de Sanidad los resultados de M\u00e1s Casa, un proyecto pionero en salud mental perinatal y apoyo a la maternidad en contextos de vulnerabilidad. El modelo demuestra un impacto social positivo, con retorno econ\u00f3mico y beneficios en prevenci\u00f3n infantil.\",\"breadcrumb\":{\"@id\":\"https:\/\/mascasaverde.org\/index.php\/2025\/06\/24\/mas-casa-presenta-sus-resultados-en-el-ministerio-de-sanidad\/#breadcrumb\"},\"inLanguage\":\"en-US\",\"potentialAction\":[{\"@type\":\"ReadAction\",\"target\":[\"https:\/\/mascasaverde.org\/index.php\/2025\/06\/24\/mas-casa-presenta-sus-resultados-en-el-ministerio-de-sanidad\/\"]}]},{\"@type\":\"BreadcrumbList\",\"@id\":\"https:\/\/mascasaverde.org\/index.php\/2025\/06\/24\/mas-casa-presenta-sus-resultados-en-el-ministerio-de-sanidad\/#breadcrumb\",\"itemListElement\":[{\"@type\":\"ListItem\",\"position\":1,\"name\":\"Portada\",\"item\":\"https:\/\/mascasaverde.org\/\"},{\"@type\":\"ListItem\",\"position\":2,\"name\":\"M\u00e1s Casa presenta sus resultados en el Ministerio de Sanidad\"}]},{\"@type\":\"WebSite\",\"@id\":\"https:\/\/mascasaverde.org\/#website\",\"url\":\"https:\/\/mascasaverde.org\/\",\"name\":\"Mas Casa Verde\",\"description\":\"Un proyecto de Fundaci\u00f3n Manantial\",\"potentialAction\":[{\"@type\":\"SearchAction\",\"target\":{\"@type\":\"EntryPoint\",\"urlTemplate\":\"https:\/\/mascasaverde.org\/?s={search_term_string}\"},\"query-input\":\"required name=search_term_string\"}],\"inLanguage\":\"en-US\"},{\"@type\":\"Person\",\"@id\":\"https:\/\/mascasaverde.org\/#\/schema\/person\/3a2c5d2514d17262754e77c4f4ac4172\",\"name\":\"M\u00e1s Casa\",\"sameAs\":[\"http:\/\/ideahotel.es\"],\"url\":\"https:\/\/mascasaverde.org\/index.php\/author\/ideahotel-ext\/\"}]}<\/script>\n<!-- \/ Yoast SEO plugin. -->","yoast_head_json":{"title":"M\u00e1s Casa presenta sus resultados en el Ministerio de Sanidad - Mas Casa Verde","description":"Fundaci\u00f3n Manantial presenta en el Ministerio de Sanidad los resultados de M\u00e1s Casa, un proyecto pionero en salud mental perinatal y apoyo a la maternidad en contextos de vulnerabilidad. El modelo demuestra un impacto social positivo, con retorno econ\u00f3mico y beneficios en prevenci\u00f3n infantil.","robots":{"index":"index","follow":"follow","max-snippet":"max-snippet:-1","max-image-preview":"max-image-preview:large","max-video-preview":"max-video-preview:-1"},"canonical":"https:\/\/mascasaverde.org\/index.php\/2025\/06\/24\/mas-casa-presenta-sus-resultados-en-el-ministerio-de-sanidad\/","og_locale":"en_US","og_type":"article","og_title":"M\u00e1s Casa presenta sus resultados en el Ministerio de Sanidad - Mas Casa Verde","og_description":"Fundaci\u00f3n Manantial presenta en el Ministerio de Sanidad los resultados de M\u00e1s Casa, un proyecto pionero en salud mental perinatal y apoyo a la maternidad en contextos de vulnerabilidad. El modelo demuestra un impacto social positivo, con retorno econ\u00f3mico y beneficios en prevenci\u00f3n infantil.","og_url":"https:\/\/mascasaverde.org\/index.php\/2025\/06\/24\/mas-casa-presenta-sus-resultados-en-el-ministerio-de-sanidad\/","og_site_name":"Mas Casa Verde","article_published_time":"2025-06-24T14:44:14+00:00","article_modified_time":"2025-06-24T15:50:12+00:00","og_image":[{"width":1920,"height":676,"url":"https:\/\/mascasaverde.org\/wp-content\/uploads\/2025\/06\/mas-casa-resultados-jornada-ministerio-sanidad-salud-mental-infancia.jpg","type":"image\/jpeg"}],"author":"M\u00e1s Casa","twitter_card":"summary_large_image","twitter_misc":{"Written by":"M\u00e1s Casa","Est. reading time":"3 minutes"},"schema":{"@context":"https:\/\/schema.org","@graph":[{"@type":"WebPage","@id":"https:\/\/mascasaverde.org\/index.php\/2025\/06\/24\/mas-casa-presenta-sus-resultados-en-el-ministerio-de-sanidad\/","url":"https:\/\/mascasaverde.org\/index.php\/2025\/06\/24\/mas-casa-presenta-sus-resultados-en-el-ministerio-de-sanidad\/","name":"M\u00e1s Casa presenta sus resultados en el Ministerio de Sanidad - Mas Casa Verde","isPartOf":{"@id":"https:\/\/mascasaverde.org\/#website"},"datePublished":"2025-06-24T14:44:14+00:00","dateModified":"2025-06-24T15:50:12+00:00","author":{"@id":"https:\/\/mascasaverde.org\/#\/schema\/person\/3a2c5d2514d17262754e77c4f4ac4172"},"description":"Fundaci\u00f3n Manantial presenta en el Ministerio de Sanidad los resultados de M\u00e1s Casa, un proyecto pionero en salud mental perinatal y apoyo a la maternidad en contextos de vulnerabilidad. El modelo demuestra un impacto social positivo, con retorno econ\u00f3mico y beneficios en prevenci\u00f3n infantil.","breadcrumb":{"@id":"https:\/\/mascasaverde.org\/index.php\/2025\/06\/24\/mas-casa-presenta-sus-resultados-en-el-ministerio-de-sanidad\/#breadcrumb"},"inLanguage":"en-US","potentialAction":[{"@type":"ReadAction","target":["https:\/\/mascasaverde.org\/index.php\/2025\/06\/24\/mas-casa-presenta-sus-resultados-en-el-ministerio-de-sanidad\/"]}]},{"@type":"BreadcrumbList","@id":"https:\/\/mascasaverde.org\/index.php\/2025\/06\/24\/mas-casa-presenta-sus-resultados-en-el-ministerio-de-sanidad\/#breadcrumb","itemListElement":[{"@type":"ListItem","position":1,"name":"Portada","item":"https:\/\/mascasaverde.org\/"},{"@type":"ListItem","position":2,"name":"M\u00e1s Casa presenta sus resultados en el Ministerio de Sanidad"}]},{"@type":"WebSite","@id":"https:\/\/mascasaverde.org\/#website","url":"https:\/\/mascasaverde.org\/","name":"Mas Casa Verde","description":"Un proyecto de Fundaci\u00f3n Manantial","potentialAction":[{"@type":"SearchAction","target":{"@type":"EntryPoint","urlTemplate":"https:\/\/mascasaverde.org\/?s={search_term_string}"},"query-input":"required name=search_term_string"}],"inLanguage":"en-US"},{"@type":"Person","@id":"https:\/\/mascasaverde.org\/#\/schema\/person\/3a2c5d2514d17262754e77c4f4ac4172","name":"M\u00e1s Casa","sameAs":["http:\/\/ideahotel.es"],"url":"https:\/\/mascasaverde.org\/index.php\/author\/ideahotel-ext\/"}]}},"_links":{"self":[{"href":"https:\/\/mascasaverde.org\/index.php\/wp-json\/wp\/v2\/posts\/360","targetHints":{"allow":["GET"]}}],"collection":[{"href":"https:\/\/mascasaverde.org\/index.php\/wp-json\/wp\/v2\/posts"}],"about":[{"href":"https:\/\/mascasaverde.org\/index.php\/wp-json\/wp\/v2\/types\/post"}],"author":[{"embeddable":true,"href":"https:\/\/mascasaverde.org\/index.php\/wp-json\/wp\/v2\/users\/3"}],"replies":[{"embeddable":true,"href":"https:\/\/mascasaverde.org\/index.php\/wp-json\/wp\/v2\/comments?post=360"}],"version-history":[{"count":4,"href":"https:\/\/mascasaverde.org\/index.php\/wp-json\/wp\/v2\/posts\/360\/revisions"}],"predecessor-version":[{"id":393,"href":"https:\/\/mascasaverde.org\/index.php\/wp-json\/wp\/v2\/posts\/360\/revisions\/393"}],"wp:featuredmedia":[{"embeddable":true,"href":"https:\/\/mascasaverde.org\/index.php\/wp-json\/wp\/v2\/media\/390"}],"wp:attachment":[{"href":"https:\/\/mascasaverde.org\/index.php\/wp-json\/wp\/v2\/media?parent=360"}],"wp:term":[{"taxonomy":"category","embeddable":true,"href":"https:\/\/mascasaverde.org\/index.php\/wp-json\/wp\/v2\/categories?post=360"},{"taxonomy":"post_tag","embeddable":true,"href":"https:\/\/mascasaverde.org\/index.php\/wp-json\/wp\/v2\/tags?post=360"}],"curies":[{"name":"wp","href":"https:\/\/api.w.org\/{rel}","templated":true}]}}