{"id":356,"date":"2025-06-20T06:49:56","date_gmt":"2025-06-20T06:49:56","guid":{"rendered":"https:\/\/mascasaverde.org\/?p=356"},"modified":"2025-06-23T18:49:10","modified_gmt":"2025-06-23T18:49:10","slug":"mas-casa-presenta-los-resultados-del-proyecto-en-las-jornadas-tecnicas-en-salud-mental-de-fundacion-intras","status":"publish","type":"post","link":"https:\/\/mascasaverde.org\/index.php\/2025\/06\/20\/mas-casa-presenta-los-resultados-del-proyecto-en-las-jornadas-tecnicas-en-salud-mental-de-fundacion-intras\/","title":{"rendered":"M\u00e1s Casa presenta los resultados del proyecto en las Jornadas T\u00e9cnicas en Salud Mental de Fundaci\u00f3n INTRAS"},"content":{"rendered":"<p data-start=\"243\" data-end=\"731\">El 19 de junio, Raquel del Amo y Teresa Vallesp\u00edn, profesionales del proyecto M\u00e1s Casa de Fundaci\u00f3n Manantial, participaron en las <em data-start=\"341\" data-end=\"376\">Jornadas T\u00e9cnicas en Salud Mental<\/em> celebradas en Valladolid y organizadas por <a href=\"https:\/\/www.intras.es\/\" target=\"_blank\" rel=\"noopener\">Fundaci\u00f3n INTRAS<\/a>. Bajo el t\u00edtulo <strong data-start=\"453\" data-end=\"530\">\u201cMujeres con enfermedad mental: un reto para acompa\u00f1ar el acompa\u00f1amiento\u201d<\/strong>, compartieron el trabajo desarrollado en el proyecto <strong data-start=\"584\" data-end=\"596\">M\u00e1s Casa<\/strong>, una iniciativa de innovaci\u00f3n social centrada en la atenci\u00f3n a mujeres con problemas de salud mental y sus hijos de 0 a 5 a\u00f1os que viven en situaci\u00f3n de vulnerabilidad.<\/p>\r\n<p data-start=\"733\" data-end=\"1190\">Durante su intervenci\u00f3n, expusieron los aprendizajes obtenidos a lo largo de la intervenci\u00f3n, as\u00ed como los <strong data-start=\"886\" data-end=\"938\">resultados de la investigaci\u00f3n de impacto social<\/strong> del proyecto. M\u00e1s Casa ha demostrado que reforzar los v\u00ednculos familiares en los primeros a\u00f1os de vida de ni\u00f1os y ni\u00f1as, especialmente en contextos de riesgo, es clave para favorecer el bienestar emocional y prevenir futuros problemas de salud mental.<\/p>\r\n<p data-start=\"1192\" data-end=\"1406\">La jornada reuni\u00f3 a profesionales del \u00e1mbito de la salud mental, la atenci\u00f3n social y la investigaci\u00f3n, generando un espacio de reflexi\u00f3n y puesta en com\u00fan de modelos innovadores de atenci\u00f3n centrada en la persona.<\/p>\r\n\r\n<h3 data-start=\"1950\" data-end=\"1975\">Sobre el proyecto M\u00e1s Casa<\/h3>\r\n<strong>&#8220;M\u00e1s Casa\u201d<\/strong> es un proyecto piloto para la sistematizacio\u0301n y medicio\u0301n de la metodologi\u0301a \u201cCasa Verde\u201d, un programa de atenci\u00f3n que pusimos en marcha hace 14 a\u00f1os dirigido a madres y padres o mujeres embarazadas con problemas de salud mental o inestabilidad emocional y a sus hijos e hijas entre 0 y 5 a\u00f1os, que pretende prevenir posibles alteraciones emocionales y\/o en el desarrollo de los ni\u00f1os. \r\n\r\nEste proyecto piloto de innovaci\u00f3n social ha sido subvencionado por la\u00a0<a href=\"https:\/\/www.comunidad.madrid\/centros\/consejeria-familia-juventud-asuntos-sociales\" target=\"_blank\" rel=\"noreferrer noopener\">Consejer\u00eda de Familia, Juventud y Asuntos Sociales<\/a>\u00a0de la Comunidad de Madrid y cofinanciado por el <a href=\"https:\/\/planderecuperacion.gob.es\/\" target=\"_blank\" rel=\"noreferrer noopener\">Plan de Recuperaci\u00f3n, Transformaci\u00f3n y\u00a0Resiliencia<\/a>, financiado por la Uni\u00f3n Europea \u2013 <a href=\"https:\/\/next-generation-eu.europa.eu\/index_es\" target=\"_blank\" rel=\"noreferrer noopener\">NextGenerationEU<\/a>.\r\n\r\n<a href=\"https:\/\/www.fundacionmanantial.org\/wp-content\/uploads\/2025\/06\/Informe-Mas-Casa-Fundacion-Manantial.pdf\" target=\"_blank\" rel=\"noopener\">Descarga el informe completo<\/a>","protected":false},"excerpt":{"rendered":"<p>El 19 de junio, Raquel del Amo y Teresa Vallesp\u00edn, profesionales del proyecto M\u00e1s Casa de Fundaci\u00f3n Manantial, participaron en las Jornadas T\u00e9cnicas en Salud Mental celebradas en Valladolid y organizadas por Fundaci\u00f3n INTRAS. Bajo el t\u00edtulo \u201cMujeres con enfermedad mental: un reto para acompa\u00f1ar el acompa\u00f1amiento\u201d, compartieron el trabajo desarrollado en el proyecto M\u00e1s [&hellip;]<\/p>\n","protected":false},"author":3,"featured_media":359,"comment_status":"closed","ping_status":"closed","sticky":false,"template":"","format":"standard","meta":{"_et_pb_use_builder":"","_et_pb_old_content":"","_et_gb_content_width":"","footnotes":""},"categories":[1],"tags":[151,149,22,6,41,104,152,35,5,150,40,4,153],"class_list":["post-356","post","type-post","status-publish","format-standard","has-post-thumbnail","hentry","category-sin-categoria","tag-atencion-comunitaria","tag-fundacion-intras","tag-fundacion-manantial","tag-infancia","tag-innovacion-social","tag-investigacion-social","tag-jornada-tecnica","tag-mas-casa","tag-maternidad","tag-mujeres-con-enfermedad-mental","tag-prevencion","tag-salud-mental","tag-valladolid"],"yoast_head":"<!-- This site is optimized with the Yoast SEO plugin v20.6 - https:\/\/yoast.com\/wordpress\/plugins\/seo\/ -->\n<title>M\u00e1s Casa presenta los resultados del proyecto en las Jornadas T\u00e9cnicas en Salud Mental de Fundaci\u00f3n INTRAS - Mas Casa Verde<\/title>\n<meta name=\"description\" content=\"Raquel del Amo y Teresa Vallesp\u00edn han participado en las Jornadas T\u00e9cnicas en Salud Mental organizadas por Fundaci\u00f3n INTRAS para presentar el trabajo realizado y los resultados de investigaci\u00f3n del proyecto M\u00e1s Casa.\" \/>\n<meta name=\"robots\" content=\"index, follow, max-snippet:-1, max-image-preview:large, max-video-preview:-1\" \/>\n<link rel=\"canonical\" href=\"https:\/\/mascasaverde.org\/index.php\/2025\/06\/20\/mas-casa-presenta-los-resultados-del-proyecto-en-las-jornadas-tecnicas-en-salud-mental-de-fundacion-intras\/\" \/>\n<meta property=\"og:locale\" content=\"en_US\" \/>\n<meta property=\"og:type\" content=\"article\" \/>\n<meta property=\"og:title\" content=\"M\u00e1s Casa presenta los resultados del proyecto en las Jornadas T\u00e9cnicas en Salud Mental de Fundaci\u00f3n INTRAS - Mas Casa Verde\" \/>\n<meta property=\"og:description\" content=\"Raquel del Amo y Teresa Vallesp\u00edn han participado en las Jornadas T\u00e9cnicas en Salud Mental organizadas por Fundaci\u00f3n INTRAS para presentar el trabajo realizado y los resultados de investigaci\u00f3n del proyecto M\u00e1s Casa.\" \/>\n<meta property=\"og:url\" content=\"https:\/\/mascasaverde.org\/index.php\/2025\/06\/20\/mas-casa-presenta-los-resultados-del-proyecto-en-las-jornadas-tecnicas-en-salud-mental-de-fundacion-intras\/\" \/>\n<meta property=\"og:site_name\" content=\"Mas Casa Verde\" \/>\n<meta property=\"article:published_time\" content=\"2025-06-20T06:49:56+00:00\" \/>\n<meta property=\"article:modified_time\" content=\"2025-06-23T18:49:10+00:00\" \/>\n<meta property=\"og:image\" content=\"https:\/\/mascasaverde.org\/wp-content\/uploads\/2025\/06\/mas-casa-resultados-congreso-intras-valladolid-salud-mental-infancia.jpg\" \/>\n\t<meta property=\"og:image:width\" content=\"1920\" \/>\n\t<meta property=\"og:image:height\" content=\"676\" \/>\n\t<meta property=\"og:image:type\" content=\"image\/jpeg\" \/>\n<meta name=\"author\" content=\"M\u00e1s Casa\" \/>\n<meta name=\"twitter:card\" content=\"summary_large_image\" \/>\n<meta name=\"twitter:label1\" content=\"Written by\" \/>\n\t<meta name=\"twitter:data1\" content=\"M\u00e1s Casa\" \/>\n\t<meta name=\"twitter:label2\" content=\"Est. reading time\" \/>\n\t<meta name=\"twitter:data2\" content=\"2 minutes\" \/>\n<script type=\"application\/ld+json\" class=\"yoast-schema-graph\">{\"@context\":\"https:\/\/schema.org\",\"@graph\":[{\"@type\":\"WebPage\",\"@id\":\"https:\/\/mascasaverde.org\/index.php\/2025\/06\/20\/mas-casa-presenta-los-resultados-del-proyecto-en-las-jornadas-tecnicas-en-salud-mental-de-fundacion-intras\/\",\"url\":\"https:\/\/mascasaverde.org\/index.php\/2025\/06\/20\/mas-casa-presenta-los-resultados-del-proyecto-en-las-jornadas-tecnicas-en-salud-mental-de-fundacion-intras\/\",\"name\":\"M\u00e1s Casa presenta los resultados del proyecto en las Jornadas T\u00e9cnicas en Salud Mental de Fundaci\u00f3n INTRAS - Mas Casa Verde\",\"isPartOf\":{\"@id\":\"https:\/\/mascasaverde.org\/#website\"},\"datePublished\":\"2025-06-20T06:49:56+00:00\",\"dateModified\":\"2025-06-23T18:49:10+00:00\",\"author\":{\"@id\":\"https:\/\/mascasaverde.org\/#\/schema\/person\/3a2c5d2514d17262754e77c4f4ac4172\"},\"description\":\"Raquel del Amo y Teresa Vallesp\u00edn han participado en las Jornadas T\u00e9cnicas en Salud Mental organizadas por Fundaci\u00f3n INTRAS para presentar el trabajo realizado y los resultados de investigaci\u00f3n del proyecto M\u00e1s Casa.\",\"breadcrumb\":{\"@id\":\"https:\/\/mascasaverde.org\/index.php\/2025\/06\/20\/mas-casa-presenta-los-resultados-del-proyecto-en-las-jornadas-tecnicas-en-salud-mental-de-fundacion-intras\/#breadcrumb\"},\"inLanguage\":\"en-US\",\"potentialAction\":[{\"@type\":\"ReadAction\",\"target\":[\"https:\/\/mascasaverde.org\/index.php\/2025\/06\/20\/mas-casa-presenta-los-resultados-del-proyecto-en-las-jornadas-tecnicas-en-salud-mental-de-fundacion-intras\/\"]}]},{\"@type\":\"BreadcrumbList\",\"@id\":\"https:\/\/mascasaverde.org\/index.php\/2025\/06\/20\/mas-casa-presenta-los-resultados-del-proyecto-en-las-jornadas-tecnicas-en-salud-mental-de-fundacion-intras\/#breadcrumb\",\"itemListElement\":[{\"@type\":\"ListItem\",\"position\":1,\"name\":\"Portada\",\"item\":\"https:\/\/mascasaverde.org\/\"},{\"@type\":\"ListItem\",\"position\":2,\"name\":\"M\u00e1s Casa presenta los resultados del proyecto en las Jornadas T\u00e9cnicas en Salud Mental de Fundaci\u00f3n INTRAS\"}]},{\"@type\":\"WebSite\",\"@id\":\"https:\/\/mascasaverde.org\/#website\",\"url\":\"https:\/\/mascasaverde.org\/\",\"name\":\"Mas Casa Verde\",\"description\":\"Un proyecto de Fundaci\u00f3n Manantial\",\"potentialAction\":[{\"@type\":\"SearchAction\",\"target\":{\"@type\":\"EntryPoint\",\"urlTemplate\":\"https:\/\/mascasaverde.org\/?s={search_term_string}\"},\"query-input\":\"required name=search_term_string\"}],\"inLanguage\":\"en-US\"},{\"@type\":\"Person\",\"@id\":\"https:\/\/mascasaverde.org\/#\/schema\/person\/3a2c5d2514d17262754e77c4f4ac4172\",\"name\":\"M\u00e1s Casa\",\"sameAs\":[\"http:\/\/ideahotel.es\"],\"url\":\"https:\/\/mascasaverde.org\/index.php\/author\/ideahotel-ext\/\"}]}<\/script>\n<!-- \/ Yoast SEO plugin. -->","yoast_head_json":{"title":"M\u00e1s Casa presenta los resultados del proyecto en las Jornadas T\u00e9cnicas en Salud Mental de Fundaci\u00f3n INTRAS - Mas Casa Verde","description":"Raquel del Amo y Teresa Vallesp\u00edn han participado en las Jornadas T\u00e9cnicas en Salud Mental organizadas por Fundaci\u00f3n INTRAS para presentar el trabajo realizado y los resultados de investigaci\u00f3n del proyecto M\u00e1s Casa.","robots":{"index":"index","follow":"follow","max-snippet":"max-snippet:-1","max-image-preview":"max-image-preview:large","max-video-preview":"max-video-preview:-1"},"canonical":"https:\/\/mascasaverde.org\/index.php\/2025\/06\/20\/mas-casa-presenta-los-resultados-del-proyecto-en-las-jornadas-tecnicas-en-salud-mental-de-fundacion-intras\/","og_locale":"en_US","og_type":"article","og_title":"M\u00e1s Casa presenta los resultados del proyecto en las Jornadas T\u00e9cnicas en Salud Mental de Fundaci\u00f3n INTRAS - Mas Casa Verde","og_description":"Raquel del Amo y Teresa Vallesp\u00edn han participado en las Jornadas T\u00e9cnicas en Salud Mental organizadas por Fundaci\u00f3n INTRAS para presentar el trabajo realizado y los resultados de investigaci\u00f3n del proyecto M\u00e1s Casa.","og_url":"https:\/\/mascasaverde.org\/index.php\/2025\/06\/20\/mas-casa-presenta-los-resultados-del-proyecto-en-las-jornadas-tecnicas-en-salud-mental-de-fundacion-intras\/","og_site_name":"Mas Casa Verde","article_published_time":"2025-06-20T06:49:56+00:00","article_modified_time":"2025-06-23T18:49:10+00:00","og_image":[{"width":1920,"height":676,"url":"https:\/\/mascasaverde.org\/wp-content\/uploads\/2025\/06\/mas-casa-resultados-congreso-intras-valladolid-salud-mental-infancia.jpg","type":"image\/jpeg"}],"author":"M\u00e1s Casa","twitter_card":"summary_large_image","twitter_misc":{"Written by":"M\u00e1s Casa","Est. reading time":"2 minutes"},"schema":{"@context":"https:\/\/schema.org","@graph":[{"@type":"WebPage","@id":"https:\/\/mascasaverde.org\/index.php\/2025\/06\/20\/mas-casa-presenta-los-resultados-del-proyecto-en-las-jornadas-tecnicas-en-salud-mental-de-fundacion-intras\/","url":"https:\/\/mascasaverde.org\/index.php\/2025\/06\/20\/mas-casa-presenta-los-resultados-del-proyecto-en-las-jornadas-tecnicas-en-salud-mental-de-fundacion-intras\/","name":"M\u00e1s Casa presenta los resultados del proyecto en las Jornadas T\u00e9cnicas en Salud Mental de Fundaci\u00f3n INTRAS - Mas Casa Verde","isPartOf":{"@id":"https:\/\/mascasaverde.org\/#website"},"datePublished":"2025-06-20T06:49:56+00:00","dateModified":"2025-06-23T18:49:10+00:00","author":{"@id":"https:\/\/mascasaverde.org\/#\/schema\/person\/3a2c5d2514d17262754e77c4f4ac4172"},"description":"Raquel del Amo y Teresa Vallesp\u00edn han participado en las Jornadas T\u00e9cnicas en Salud Mental organizadas por Fundaci\u00f3n INTRAS para presentar el trabajo realizado y los resultados de investigaci\u00f3n del proyecto M\u00e1s Casa.","breadcrumb":{"@id":"https:\/\/mascasaverde.org\/index.php\/2025\/06\/20\/mas-casa-presenta-los-resultados-del-proyecto-en-las-jornadas-tecnicas-en-salud-mental-de-fundacion-intras\/#breadcrumb"},"inLanguage":"en-US","potentialAction":[{"@type":"ReadAction","target":["https:\/\/mascasaverde.org\/index.php\/2025\/06\/20\/mas-casa-presenta-los-resultados-del-proyecto-en-las-jornadas-tecnicas-en-salud-mental-de-fundacion-intras\/"]}]},{"@type":"BreadcrumbList","@id":"https:\/\/mascasaverde.org\/index.php\/2025\/06\/20\/mas-casa-presenta-los-resultados-del-proyecto-en-las-jornadas-tecnicas-en-salud-mental-de-fundacion-intras\/#breadcrumb","itemListElement":[{"@type":"ListItem","position":1,"name":"Portada","item":"https:\/\/mascasaverde.org\/"},{"@type":"ListItem","position":2,"name":"M\u00e1s Casa presenta los resultados del proyecto en las Jornadas T\u00e9cnicas en Salud Mental de Fundaci\u00f3n INTRAS"}]},{"@type":"WebSite","@id":"https:\/\/mascasaverde.org\/#website","url":"https:\/\/mascasaverde.org\/","name":"Mas Casa Verde","description":"Un proyecto de Fundaci\u00f3n Manantial","potentialAction":[{"@type":"SearchAction","target":{"@type":"EntryPoint","urlTemplate":"https:\/\/mascasaverde.org\/?s={search_term_string}"},"query-input":"required name=search_term_string"}],"inLanguage":"en-US"},{"@type":"Person","@id":"https:\/\/mascasaverde.org\/#\/schema\/person\/3a2c5d2514d17262754e77c4f4ac4172","name":"M\u00e1s Casa","sameAs":["http:\/\/ideahotel.es"],"url":"https:\/\/mascasaverde.org\/index.php\/author\/ideahotel-ext\/"}]}},"_links":{"self":[{"href":"https:\/\/mascasaverde.org\/index.php\/wp-json\/wp\/v2\/posts\/356","targetHints":{"allow":["GET"]}}],"collection":[{"href":"https:\/\/mascasaverde.org\/index.php\/wp-json\/wp\/v2\/posts"}],"about":[{"href":"https:\/\/mascasaverde.org\/index.php\/wp-json\/wp\/v2\/types\/post"}],"author":[{"embeddable":true,"href":"https:\/\/mascasaverde.org\/index.php\/wp-json\/wp\/v2\/users\/3"}],"replies":[{"embeddable":true,"href":"https:\/\/mascasaverde.org\/index.php\/wp-json\/wp\/v2\/comments?post=356"}],"version-history":[{"count":3,"href":"https:\/\/mascasaverde.org\/index.php\/wp-json\/wp\/v2\/posts\/356\/revisions"}],"predecessor-version":[{"id":366,"href":"https:\/\/mascasaverde.org\/index.php\/wp-json\/wp\/v2\/posts\/356\/revisions\/366"}],"wp:featuredmedia":[{"embeddable":true,"href":"https:\/\/mascasaverde.org\/index.php\/wp-json\/wp\/v2\/media\/359"}],"wp:attachment":[{"href":"https:\/\/mascasaverde.org\/index.php\/wp-json\/wp\/v2\/media?parent=356"}],"wp:term":[{"taxonomy":"category","embeddable":true,"href":"https:\/\/mascasaverde.org\/index.php\/wp-json\/wp\/v2\/categories?post=356"},{"taxonomy":"post_tag","embeddable":true,"href":"https:\/\/mascasaverde.org\/index.php\/wp-json\/wp\/v2\/tags?post=356"}],"curies":[{"name":"wp","href":"https:\/\/api.w.org\/{rel}","templated":true}]}}