{"id":341,"date":"2025-06-04T20:00:07","date_gmt":"2025-06-04T20:00:07","guid":{"rendered":"https:\/\/mascasaverde.org\/?p=341"},"modified":"2025-06-23T18:49:24","modified_gmt":"2025-06-23T18:49:24","slug":"el-impacto-del-proyecto-mas-casa-contado-en-el-27o-congreso-de-la-sociedad-espanola-de-patologia-dual","status":"publish","type":"post","link":"https:\/\/mascasaverde.org\/index.php\/2025\/06\/04\/el-impacto-del-proyecto-mas-casa-contado-en-el-27o-congreso-de-la-sociedad-espanola-de-patologia-dual\/","title":{"rendered":"El impacto del proyecto M\u00e1s Casa, contado en el 27\u00ba Congreso de la Sociedad Espa\u00f1ola de Patolog\u00eda Dual"},"content":{"rendered":"<p data-start=\"221\" data-end=\"603\"><strong data-start=\"221\" data-end=\"251\">Madrid, 4 de junio de 2025<\/strong> \u2013 Raquel del Amo y Teresa Vallesp\u00edn, profesionales del equipo de <strong data-start=\"317\" data-end=\"329\">M\u00e1s Casa<\/strong>, participaron en la <a href=\"https:\/\/patologiadual.es\/formacion\/27o-congreso-de-patologia-dual-2025\/\" target=\"_blank\" rel=\"noopener\"><strong data-start=\"350\" data-end=\"433\">27\u00aa edici\u00f3n del Congreso Anual de la Sociedad Espa\u00f1ola de Patolog\u00eda Dual (SEPD)<\/strong><\/a>, celebrada en Madrid. Su intervenci\u00f3n se enmarc\u00f3 dentro del simposio titulado <em data-start=\"512\" data-end=\"602\">&#8220;El impacto de la patolog\u00eda dual en el embarazo y el postparto y sus efectos en el beb\u00e9&#8221;<\/em>.<\/p>\r\n<p data-start=\"605\" data-end=\"1076\">Bajo el t\u00edtulo <strong data-start=\"620\" data-end=\"654\">&#8220;M\u00e1s Casa, otras maternidades&#8221;<\/strong>, ambas profesionales expusieron la experiencia del programa M\u00e1s Casa en el acompa\u00f1amiento a mujeres con problemas de salud mental durante la maternidad. La ponencia puso de relieve la importancia de un enfoque centrado en la mujer y el v\u00ednculo madre-beb\u00e9, as\u00ed como la necesidad de adaptar los recursos y la intervenci\u00f3n cl\u00ednica a las realidades diversas de las maternidades atravesadas por la salud mental y las adicciones.<\/p>\r\n<p data-start=\"1078\" data-end=\"1365\">La participaci\u00f3n de M\u00e1s Casa en este foro cient\u00edfico refuerza el compromiso del equipo con la <strong>mejora de la atenci\u00f3n a mujeres en situaciones de especial vulnerabilidad, y contribuye a visibilizar modelos de intervenci\u00f3n innovadores y centrados en los derechos, la autonom\u00eda y el cuidado.<\/strong><\/p>\r\n\r\n<h3 data-start=\"1950\" data-end=\"1975\">Sobre el proyecto M\u00e1s Casa<\/h3>\r\n<strong>&#8220;M\u00e1s Casa\u201d<\/strong> es un proyecto piloto para la sistematizacio\u0301n y medicio\u0301n de la metodologi\u0301a \u201cCasa Verde\u201d, un programa de atenci\u00f3n que pusimos en marcha hace 14 a\u00f1os dirigido a madres y padres o mujeres embarazadas con problemas de salud mental o inestabilidad emocional y a sus hijos e hijas entre 0 y 5 a\u00f1os, que pretende prevenir posibles alteraciones emocionales y\/o en el desarrollo de los ni\u00f1os. \r\n\r\nEste proyecto piloto de innovaci\u00f3n social ha sido subvencionado por la\u00a0<a href=\"https:\/\/www.comunidad.madrid\/centros\/consejeria-familia-juventud-asuntos-sociales\" target=\"_blank\" rel=\"noreferrer noopener\">Consejer\u00eda de Familia, Juventud y Asuntos Sociales<\/a>\u00a0de la Comunidad de Madrid y cofinanciado por el <a href=\"https:\/\/planderecuperacion.gob.es\/\" target=\"_blank\" rel=\"noreferrer noopener\">Plan de Recuperaci\u00f3n, Transformaci\u00f3n y\u00a0Resiliencia<\/a>, financiado por la Uni\u00f3n Europea \u2013 <a href=\"https:\/\/next-generation-eu.europa.eu\/index_es\" target=\"_blank\" rel=\"noreferrer noopener\">NextGenerationEU<\/a>.\r\n\r\n<a href=\"https:\/\/www.fundacionmanantial.org\/wp-content\/uploads\/2025\/05\/INFORME-RESULTADOS-MAS-CASA-FUNDACION-MANANTIAL-1.pdf\" target=\"_blank\" rel=\"noopener\">Descarga el informe completo<\/a>","protected":false},"excerpt":{"rendered":"<p>Madrid, 4 de junio de 2025 \u2013 Raquel del Amo y Teresa Vallesp\u00edn, profesionales del equipo de M\u00e1s Casa, participaron en la 27\u00aa edici\u00f3n del Congreso Anual de la Sociedad Espa\u00f1ola de Patolog\u00eda Dual (SEPD), celebrada en Madrid. Su intervenci\u00f3n se enmarc\u00f3 dentro del simposio titulado &#8220;El impacto de la patolog\u00eda dual en el embarazo [&hellip;]<\/p>\n","protected":false},"author":3,"featured_media":344,"comment_status":"closed","ping_status":"closed","sticky":false,"template":"","format":"standard","meta":{"_et_pb_use_builder":"","_et_pb_old_content":"","_et_gb_content_width":"","footnotes":""},"categories":[1],"tags":[146,145,25,147,35,5,148,141,143,121,4,142,144,122],"class_list":["post-341","post","type-post","status-publish","format-standard","has-post-thumbnail","hentry","category-sin-categoria","tag-adicciones","tag-congreso-sepd-2025","tag-embarazo","tag-intervencion-perinatal","tag-mas-casa","tag-maternidad","tag-mujer-y-salud-mental","tag-patologia-dual","tag-postparto","tag-raquel-del-amo","tag-salud-mental","tag-salud-mental-perinatal","tag-sepd","tag-teresa-vallespin"],"yoast_head":"<!-- This site is optimized with the Yoast SEO plugin v20.6 - https:\/\/yoast.com\/wordpress\/plugins\/seo\/ -->\n<title>El impacto del proyecto M\u00e1s Casa, contado en el 27\u00ba Congreso de la Sociedad Espa\u00f1ola de Patolog\u00eda Dual - Mas Casa Verde<\/title>\n<meta name=\"description\" content=\"Raquel del Amo y Teresa Vallesp\u00edn, del equipo M\u00e1s Casa, presentaron la ponencia &quot;M\u00e1s Casa, otras maternidades&quot; en el 27\u00ba Congreso de la SEPD, abordando el impacto de la patolog\u00eda dual en el embarazo y el postparto.\" \/>\n<meta name=\"robots\" content=\"index, follow, max-snippet:-1, max-image-preview:large, max-video-preview:-1\" \/>\n<link rel=\"canonical\" href=\"https:\/\/mascasaverde.org\/index.php\/2025\/06\/04\/el-impacto-del-proyecto-mas-casa-contado-en-el-27o-congreso-de-la-sociedad-espanola-de-patologia-dual\/\" \/>\n<meta property=\"og:locale\" content=\"en_US\" \/>\n<meta property=\"og:type\" content=\"article\" \/>\n<meta property=\"og:title\" content=\"El impacto del proyecto M\u00e1s Casa, contado en el 27\u00ba Congreso de la Sociedad Espa\u00f1ola de Patolog\u00eda Dual - Mas Casa Verde\" \/>\n<meta property=\"og:description\" content=\"Raquel del Amo y Teresa Vallesp\u00edn, del equipo M\u00e1s Casa, presentaron la ponencia &quot;M\u00e1s Casa, otras maternidades&quot; en el 27\u00ba Congreso de la SEPD, abordando el impacto de la patolog\u00eda dual en el embarazo y el postparto.\" \/>\n<meta property=\"og:url\" content=\"https:\/\/mascasaverde.org\/index.php\/2025\/06\/04\/el-impacto-del-proyecto-mas-casa-contado-en-el-27o-congreso-de-la-sociedad-espanola-de-patologia-dual\/\" \/>\n<meta property=\"og:site_name\" content=\"Mas Casa Verde\" \/>\n<meta property=\"article:published_time\" content=\"2025-06-04T20:00:07+00:00\" \/>\n<meta property=\"article:modified_time\" content=\"2025-06-23T18:49:24+00:00\" \/>\n<meta property=\"og:image\" content=\"https:\/\/mascasaverde.org\/wp-content\/uploads\/2025\/06\/mas-casa-resultados-congreso-patologia-dual-salud-mental-infancia.jpg\" \/>\n\t<meta property=\"og:image:width\" content=\"1920\" \/>\n\t<meta property=\"og:image:height\" content=\"676\" \/>\n\t<meta property=\"og:image:type\" content=\"image\/jpeg\" \/>\n<meta name=\"author\" content=\"M\u00e1s Casa\" \/>\n<meta name=\"twitter:card\" content=\"summary_large_image\" \/>\n<meta name=\"twitter:label1\" content=\"Written by\" \/>\n\t<meta name=\"twitter:data1\" content=\"M\u00e1s Casa\" \/>\n\t<meta name=\"twitter:label2\" content=\"Est. reading time\" \/>\n\t<meta name=\"twitter:data2\" content=\"2 minutes\" \/>\n<script type=\"application\/ld+json\" class=\"yoast-schema-graph\">{\"@context\":\"https:\/\/schema.org\",\"@graph\":[{\"@type\":\"WebPage\",\"@id\":\"https:\/\/mascasaverde.org\/index.php\/2025\/06\/04\/el-impacto-del-proyecto-mas-casa-contado-en-el-27o-congreso-de-la-sociedad-espanola-de-patologia-dual\/\",\"url\":\"https:\/\/mascasaverde.org\/index.php\/2025\/06\/04\/el-impacto-del-proyecto-mas-casa-contado-en-el-27o-congreso-de-la-sociedad-espanola-de-patologia-dual\/\",\"name\":\"El impacto del proyecto M\u00e1s Casa, contado en el 27\u00ba Congreso de la Sociedad Espa\u00f1ola de Patolog\u00eda Dual - Mas Casa Verde\",\"isPartOf\":{\"@id\":\"https:\/\/mascasaverde.org\/#website\"},\"datePublished\":\"2025-06-04T20:00:07+00:00\",\"dateModified\":\"2025-06-23T18:49:24+00:00\",\"author\":{\"@id\":\"https:\/\/mascasaverde.org\/#\/schema\/person\/3a2c5d2514d17262754e77c4f4ac4172\"},\"description\":\"Raquel del Amo y Teresa Vallesp\u00edn, del equipo M\u00e1s Casa, presentaron la ponencia \\\"M\u00e1s Casa, otras maternidades\\\" en el 27\u00ba Congreso de la SEPD, abordando el impacto de la patolog\u00eda dual en el embarazo y el postparto.\",\"breadcrumb\":{\"@id\":\"https:\/\/mascasaverde.org\/index.php\/2025\/06\/04\/el-impacto-del-proyecto-mas-casa-contado-en-el-27o-congreso-de-la-sociedad-espanola-de-patologia-dual\/#breadcrumb\"},\"inLanguage\":\"en-US\",\"potentialAction\":[{\"@type\":\"ReadAction\",\"target\":[\"https:\/\/mascasaverde.org\/index.php\/2025\/06\/04\/el-impacto-del-proyecto-mas-casa-contado-en-el-27o-congreso-de-la-sociedad-espanola-de-patologia-dual\/\"]}]},{\"@type\":\"BreadcrumbList\",\"@id\":\"https:\/\/mascasaverde.org\/index.php\/2025\/06\/04\/el-impacto-del-proyecto-mas-casa-contado-en-el-27o-congreso-de-la-sociedad-espanola-de-patologia-dual\/#breadcrumb\",\"itemListElement\":[{\"@type\":\"ListItem\",\"position\":1,\"name\":\"Portada\",\"item\":\"https:\/\/mascasaverde.org\/\"},{\"@type\":\"ListItem\",\"position\":2,\"name\":\"El impacto del proyecto M\u00e1s Casa, contado en el 27\u00ba Congreso de la Sociedad Espa\u00f1ola de Patolog\u00eda Dual\"}]},{\"@type\":\"WebSite\",\"@id\":\"https:\/\/mascasaverde.org\/#website\",\"url\":\"https:\/\/mascasaverde.org\/\",\"name\":\"Mas Casa Verde\",\"description\":\"Un proyecto de Fundaci\u00f3n Manantial\",\"potentialAction\":[{\"@type\":\"SearchAction\",\"target\":{\"@type\":\"EntryPoint\",\"urlTemplate\":\"https:\/\/mascasaverde.org\/?s={search_term_string}\"},\"query-input\":\"required name=search_term_string\"}],\"inLanguage\":\"en-US\"},{\"@type\":\"Person\",\"@id\":\"https:\/\/mascasaverde.org\/#\/schema\/person\/3a2c5d2514d17262754e77c4f4ac4172\",\"name\":\"M\u00e1s Casa\",\"sameAs\":[\"http:\/\/ideahotel.es\"],\"url\":\"https:\/\/mascasaverde.org\/index.php\/author\/ideahotel-ext\/\"}]}<\/script>\n<!-- \/ Yoast SEO plugin. -->","yoast_head_json":{"title":"El impacto del proyecto M\u00e1s Casa, contado en el 27\u00ba Congreso de la Sociedad Espa\u00f1ola de Patolog\u00eda Dual - Mas Casa Verde","description":"Raquel del Amo y Teresa Vallesp\u00edn, del equipo M\u00e1s Casa, presentaron la ponencia \"M\u00e1s Casa, otras maternidades\" en el 27\u00ba Congreso de la SEPD, abordando el impacto de la patolog\u00eda dual en el embarazo y el postparto.","robots":{"index":"index","follow":"follow","max-snippet":"max-snippet:-1","max-image-preview":"max-image-preview:large","max-video-preview":"max-video-preview:-1"},"canonical":"https:\/\/mascasaverde.org\/index.php\/2025\/06\/04\/el-impacto-del-proyecto-mas-casa-contado-en-el-27o-congreso-de-la-sociedad-espanola-de-patologia-dual\/","og_locale":"en_US","og_type":"article","og_title":"El impacto del proyecto M\u00e1s Casa, contado en el 27\u00ba Congreso de la Sociedad Espa\u00f1ola de Patolog\u00eda Dual - Mas Casa Verde","og_description":"Raquel del Amo y Teresa Vallesp\u00edn, del equipo M\u00e1s Casa, presentaron la ponencia \"M\u00e1s Casa, otras maternidades\" en el 27\u00ba Congreso de la SEPD, abordando el impacto de la patolog\u00eda dual en el embarazo y el postparto.","og_url":"https:\/\/mascasaverde.org\/index.php\/2025\/06\/04\/el-impacto-del-proyecto-mas-casa-contado-en-el-27o-congreso-de-la-sociedad-espanola-de-patologia-dual\/","og_site_name":"Mas Casa Verde","article_published_time":"2025-06-04T20:00:07+00:00","article_modified_time":"2025-06-23T18:49:24+00:00","og_image":[{"width":1920,"height":676,"url":"https:\/\/mascasaverde.org\/wp-content\/uploads\/2025\/06\/mas-casa-resultados-congreso-patologia-dual-salud-mental-infancia.jpg","type":"image\/jpeg"}],"author":"M\u00e1s Casa","twitter_card":"summary_large_image","twitter_misc":{"Written by":"M\u00e1s Casa","Est. reading time":"2 minutes"},"schema":{"@context":"https:\/\/schema.org","@graph":[{"@type":"WebPage","@id":"https:\/\/mascasaverde.org\/index.php\/2025\/06\/04\/el-impacto-del-proyecto-mas-casa-contado-en-el-27o-congreso-de-la-sociedad-espanola-de-patologia-dual\/","url":"https:\/\/mascasaverde.org\/index.php\/2025\/06\/04\/el-impacto-del-proyecto-mas-casa-contado-en-el-27o-congreso-de-la-sociedad-espanola-de-patologia-dual\/","name":"El impacto del proyecto M\u00e1s Casa, contado en el 27\u00ba Congreso de la Sociedad Espa\u00f1ola de Patolog\u00eda Dual - Mas Casa Verde","isPartOf":{"@id":"https:\/\/mascasaverde.org\/#website"},"datePublished":"2025-06-04T20:00:07+00:00","dateModified":"2025-06-23T18:49:24+00:00","author":{"@id":"https:\/\/mascasaverde.org\/#\/schema\/person\/3a2c5d2514d17262754e77c4f4ac4172"},"description":"Raquel del Amo y Teresa Vallesp\u00edn, del equipo M\u00e1s Casa, presentaron la ponencia \"M\u00e1s Casa, otras maternidades\" en el 27\u00ba Congreso de la SEPD, abordando el impacto de la patolog\u00eda dual en el embarazo y el postparto.","breadcrumb":{"@id":"https:\/\/mascasaverde.org\/index.php\/2025\/06\/04\/el-impacto-del-proyecto-mas-casa-contado-en-el-27o-congreso-de-la-sociedad-espanola-de-patologia-dual\/#breadcrumb"},"inLanguage":"en-US","potentialAction":[{"@type":"ReadAction","target":["https:\/\/mascasaverde.org\/index.php\/2025\/06\/04\/el-impacto-del-proyecto-mas-casa-contado-en-el-27o-congreso-de-la-sociedad-espanola-de-patologia-dual\/"]}]},{"@type":"BreadcrumbList","@id":"https:\/\/mascasaverde.org\/index.php\/2025\/06\/04\/el-impacto-del-proyecto-mas-casa-contado-en-el-27o-congreso-de-la-sociedad-espanola-de-patologia-dual\/#breadcrumb","itemListElement":[{"@type":"ListItem","position":1,"name":"Portada","item":"https:\/\/mascasaverde.org\/"},{"@type":"ListItem","position":2,"name":"El impacto del proyecto M\u00e1s Casa, contado en el 27\u00ba Congreso de la Sociedad Espa\u00f1ola de Patolog\u00eda Dual"}]},{"@type":"WebSite","@id":"https:\/\/mascasaverde.org\/#website","url":"https:\/\/mascasaverde.org\/","name":"Mas Casa Verde","description":"Un proyecto de Fundaci\u00f3n Manantial","potentialAction":[{"@type":"SearchAction","target":{"@type":"EntryPoint","urlTemplate":"https:\/\/mascasaverde.org\/?s={search_term_string}"},"query-input":"required name=search_term_string"}],"inLanguage":"en-US"},{"@type":"Person","@id":"https:\/\/mascasaverde.org\/#\/schema\/person\/3a2c5d2514d17262754e77c4f4ac4172","name":"M\u00e1s Casa","sameAs":["http:\/\/ideahotel.es"],"url":"https:\/\/mascasaverde.org\/index.php\/author\/ideahotel-ext\/"}]}},"_links":{"self":[{"href":"https:\/\/mascasaverde.org\/index.php\/wp-json\/wp\/v2\/posts\/341","targetHints":{"allow":["GET"]}}],"collection":[{"href":"https:\/\/mascasaverde.org\/index.php\/wp-json\/wp\/v2\/posts"}],"about":[{"href":"https:\/\/mascasaverde.org\/index.php\/wp-json\/wp\/v2\/types\/post"}],"author":[{"embeddable":true,"href":"https:\/\/mascasaverde.org\/index.php\/wp-json\/wp\/v2\/users\/3"}],"replies":[{"embeddable":true,"href":"https:\/\/mascasaverde.org\/index.php\/wp-json\/wp\/v2\/comments?post=341"}],"version-history":[{"count":5,"href":"https:\/\/mascasaverde.org\/index.php\/wp-json\/wp\/v2\/posts\/341\/revisions"}],"predecessor-version":[{"id":367,"href":"https:\/\/mascasaverde.org\/index.php\/wp-json\/wp\/v2\/posts\/341\/revisions\/367"}],"wp:featuredmedia":[{"embeddable":true,"href":"https:\/\/mascasaverde.org\/index.php\/wp-json\/wp\/v2\/media\/344"}],"wp:attachment":[{"href":"https:\/\/mascasaverde.org\/index.php\/wp-json\/wp\/v2\/media?parent=341"}],"wp:term":[{"taxonomy":"category","embeddable":true,"href":"https:\/\/mascasaverde.org\/index.php\/wp-json\/wp\/v2\/categories?post=341"},{"taxonomy":"post_tag","embeddable":true,"href":"https:\/\/mascasaverde.org\/index.php\/wp-json\/wp\/v2\/tags?post=341"}],"curies":[{"name":"wp","href":"https:\/\/api.w.org\/{rel}","templated":true}]}}