{"id":325,"date":"2025-05-20T08:04:01","date_gmt":"2025-05-20T08:04:01","guid":{"rendered":"https:\/\/mascasaverde.org\/?p=325"},"modified":"2025-06-23T18:50:05","modified_gmt":"2025-06-23T18:50:05","slug":"reencuentro-con-las-familias-atendidas-en-mas-casa-tetuan-presentacion-de-resultados-del-proyecto","status":"publish","type":"post","link":"https:\/\/mascasaverde.org\/index.php\/2025\/05\/20\/reencuentro-con-las-familias-atendidas-en-mas-casa-tetuan-presentacion-de-resultados-del-proyecto\/","title":{"rendered":"Reencuentro con las familias atendidas en M\u00e1s Casa Tetu\u00e1n: presentaci\u00f3n de resultados del proyecto"},"content":{"rendered":"<p dir=\"auto\">El 19 de mayo, M\u00e1s Casa organiz\u00f3 un emotivo reencuentro con las familias atendidas para presentar los resultados del proyecto y compartir un rato agradable en torno a una merienda. El evento, que tuvo lugar en las instalaciones del Centro de Salud Mental de Tetu\u00e1n, fue una oportunidad para celebrar juntos los logros alcanzados.<\/p>\r\n\r\n<h4>Presentaci\u00f3n de Resultados<\/h4>\r\n<p dir=\"auto\">Durante el evento, se presentaron los resultados del proyecto M\u00e1s Casa, destacando los avances significativos en la mejora de la calidad de vida de las familias atendidas. Madres, padres, ni\u00f1os y ni\u00f1as compartieron su experiencia y expresaron su gratitud por el apoyo recibido y los cambios positivos en sus vidas.<\/p>\r\n\r\n<h4>Agradecimientos<\/h4>\r\n<p dir=\"auto\">Queremos expresar nuestro m\u00e1s sincero agradecimiento al Centro de Salud Mental de Tetu\u00e1n por cedernos sus instalaciones para llevar a cabo este evento.<\/p>\r\n\r\n<h4>Sobre el proyecto M\u00e1s Casa<\/h4>\r\n<strong>&#8220;M\u00e1s Casa\u201d<\/strong> es un proyecto piloto para la sistematizacio\u0301n y medicio\u0301n de la metodologi\u0301a \u201cCasa Verde\u201d, un programa de atenci\u00f3n que pusimos en marcha hace 14 a\u00f1os dirigido a madres y padres o mujeres embarazadas con problemas de salud mental o inestabilidad emocional y a sus hijos e hijas entre 0 y 5 a\u00f1os, que pretende prevenir posibles alteraciones emocionales y\/o en el desarrollo de los ni\u00f1os.<!-- \/wp:post-content --> <!-- wp:paragraph -->\r\n\r\nEste proyecto piloto de innovaci\u00f3n social ha sido subvencionado por la\u00a0<a href=\"https:\/\/www.comunidad.madrid\/centros\/consejeria-familia-juventud-asuntos-sociales\" target=\"_blank\" rel=\"noreferrer noopener\">Consejer\u00eda de Familia, Juventud y Asuntos Sociales<\/a>\u00a0de la Comunidad de Madrid y cofinanciado por el <a href=\"https:\/\/planderecuperacion.gob.es\/\" target=\"_blank\" rel=\"noreferrer noopener\">Plan de Recuperaci\u00f3n, Transformaci\u00f3n y\u00a0Resiliencia<\/a>, financiado por la Uni\u00f3n Europea \u2013 <a href=\"https:\/\/next-generation-eu.europa.eu\/index_es\" target=\"_blank\" rel=\"noreferrer noopener\">NextGenerationEU<\/a>.\r\n\r\nEl informe completo estar\u00e1 disponible muy pronto en esta web.","protected":false},"excerpt":{"rendered":"<p>El 19 de mayo, M\u00e1s Casa organiz\u00f3 un emotivo reencuentro con las familias atendidas para presentar los resultados del proyecto y compartir un rato agradable en torno a una merienda. El evento, que tuvo lugar en las instalaciones del Centro de Salud Mental de Tetu\u00e1n, fue una oportunidad para celebrar juntos los logros alcanzados. Presentaci\u00f3n [&hellip;]<\/p>\n","protected":false},"author":3,"featured_media":329,"comment_status":"closed","ping_status":"closed","sticky":false,"template":"","format":"standard","meta":{"_et_pb_use_builder":"","_et_pb_old_content":"","_et_gb_content_width":"","footnotes":""},"categories":[1],"tags":[115,113,111,110,116,86,35,109,106,108,112,107,114],"class_list":["post-325","post","type-post","status-publish","format-standard","has-post-thumbnail","hentry","category-sin-categoria","tag-agradecimientos","tag-apoyo-comunitario","tag-calidad-de-vida","tag-centro-de-salud-mental-de-tetuan","tag-compromiso-social","tag-familias","tag-mas-casa","tag-merienda-compartida","tag-reencuentro","tag-resultados-del-proyecto","tag-testimonios","tag-tetuan","tag-voluntarios"],"yoast_head":"<!-- This site is optimized with the Yoast SEO plugin v20.6 - https:\/\/yoast.com\/wordpress\/plugins\/seo\/ -->\n<title>Reencuentro con las familias atendidas en M\u00e1s Casa Tetu\u00e1n: presentaci\u00f3n de resultados del proyecto - Mas Casa Verde<\/title>\n<meta name=\"description\" content=\"Reencuentro con familias atendidas en M\u00e1s Casa en Tetu\u00e1n para presentar resultados del proyecto y compartir una merienda. Agradecemos al Centro de Salud Mental de Tetu\u00e1n por las instalaciones.\" \/>\n<meta name=\"robots\" content=\"index, follow, max-snippet:-1, max-image-preview:large, max-video-preview:-1\" \/>\n<link rel=\"canonical\" href=\"https:\/\/mascasaverde.org\/index.php\/2025\/05\/20\/reencuentro-con-las-familias-atendidas-en-mas-casa-tetuan-presentacion-de-resultados-del-proyecto\/\" \/>\n<meta property=\"og:locale\" content=\"en_US\" \/>\n<meta property=\"og:type\" content=\"article\" \/>\n<meta property=\"og:title\" content=\"Reencuentro con las familias atendidas en M\u00e1s Casa Tetu\u00e1n: presentaci\u00f3n de resultados del proyecto - Mas Casa Verde\" \/>\n<meta property=\"og:description\" content=\"Reencuentro con familias atendidas en M\u00e1s Casa en Tetu\u00e1n para presentar resultados del proyecto y compartir una merienda. Agradecemos al Centro de Salud Mental de Tetu\u00e1n por las instalaciones.\" \/>\n<meta property=\"og:url\" content=\"https:\/\/mascasaverde.org\/index.php\/2025\/05\/20\/reencuentro-con-las-familias-atendidas-en-mas-casa-tetuan-presentacion-de-resultados-del-proyecto\/\" \/>\n<meta property=\"og:site_name\" content=\"Mas Casa Verde\" \/>\n<meta property=\"article:published_time\" content=\"2025-05-20T08:04:01+00:00\" \/>\n<meta property=\"article:modified_time\" content=\"2025-06-23T18:50:05+00:00\" \/>\n<meta property=\"og:image\" content=\"https:\/\/mascasaverde.org\/wp-content\/uploads\/2025\/05\/mas-casa-resultados-familias-tetuan-salud-mental-infancia.jpg\" \/>\n\t<meta property=\"og:image:width\" content=\"1920\" \/>\n\t<meta property=\"og:image:height\" content=\"676\" \/>\n\t<meta property=\"og:image:type\" content=\"image\/jpeg\" \/>\n<meta name=\"author\" content=\"M\u00e1s Casa\" \/>\n<meta name=\"twitter:card\" content=\"summary_large_image\" \/>\n<meta name=\"twitter:label1\" content=\"Written by\" \/>\n\t<meta name=\"twitter:data1\" content=\"M\u00e1s Casa\" \/>\n\t<meta name=\"twitter:label2\" content=\"Est. reading time\" \/>\n\t<meta name=\"twitter:data2\" content=\"2 minutes\" \/>\n<script type=\"application\/ld+json\" class=\"yoast-schema-graph\">{\"@context\":\"https:\/\/schema.org\",\"@graph\":[{\"@type\":\"WebPage\",\"@id\":\"https:\/\/mascasaverde.org\/index.php\/2025\/05\/20\/reencuentro-con-las-familias-atendidas-en-mas-casa-tetuan-presentacion-de-resultados-del-proyecto\/\",\"url\":\"https:\/\/mascasaverde.org\/index.php\/2025\/05\/20\/reencuentro-con-las-familias-atendidas-en-mas-casa-tetuan-presentacion-de-resultados-del-proyecto\/\",\"name\":\"Reencuentro con las familias atendidas en M\u00e1s Casa Tetu\u00e1n: presentaci\u00f3n de resultados del proyecto - Mas Casa Verde\",\"isPartOf\":{\"@id\":\"https:\/\/mascasaverde.org\/#website\"},\"datePublished\":\"2025-05-20T08:04:01+00:00\",\"dateModified\":\"2025-06-23T18:50:05+00:00\",\"author\":{\"@id\":\"https:\/\/mascasaverde.org\/#\/schema\/person\/3a2c5d2514d17262754e77c4f4ac4172\"},\"description\":\"Reencuentro con familias atendidas en M\u00e1s Casa en Tetu\u00e1n para presentar resultados del proyecto y compartir una merienda. Agradecemos al Centro de Salud Mental de Tetu\u00e1n por las instalaciones.\",\"breadcrumb\":{\"@id\":\"https:\/\/mascasaverde.org\/index.php\/2025\/05\/20\/reencuentro-con-las-familias-atendidas-en-mas-casa-tetuan-presentacion-de-resultados-del-proyecto\/#breadcrumb\"},\"inLanguage\":\"en-US\",\"potentialAction\":[{\"@type\":\"ReadAction\",\"target\":[\"https:\/\/mascasaverde.org\/index.php\/2025\/05\/20\/reencuentro-con-las-familias-atendidas-en-mas-casa-tetuan-presentacion-de-resultados-del-proyecto\/\"]}]},{\"@type\":\"BreadcrumbList\",\"@id\":\"https:\/\/mascasaverde.org\/index.php\/2025\/05\/20\/reencuentro-con-las-familias-atendidas-en-mas-casa-tetuan-presentacion-de-resultados-del-proyecto\/#breadcrumb\",\"itemListElement\":[{\"@type\":\"ListItem\",\"position\":1,\"name\":\"Portada\",\"item\":\"https:\/\/mascasaverde.org\/\"},{\"@type\":\"ListItem\",\"position\":2,\"name\":\"Reencuentro con las familias atendidas en M\u00e1s Casa Tetu\u00e1n: presentaci\u00f3n de resultados del proyecto\"}]},{\"@type\":\"WebSite\",\"@id\":\"https:\/\/mascasaverde.org\/#website\",\"url\":\"https:\/\/mascasaverde.org\/\",\"name\":\"Mas Casa Verde\",\"description\":\"Un proyecto de Fundaci\u00f3n Manantial\",\"potentialAction\":[{\"@type\":\"SearchAction\",\"target\":{\"@type\":\"EntryPoint\",\"urlTemplate\":\"https:\/\/mascasaverde.org\/?s={search_term_string}\"},\"query-input\":\"required name=search_term_string\"}],\"inLanguage\":\"en-US\"},{\"@type\":\"Person\",\"@id\":\"https:\/\/mascasaverde.org\/#\/schema\/person\/3a2c5d2514d17262754e77c4f4ac4172\",\"name\":\"M\u00e1s Casa\",\"sameAs\":[\"http:\/\/ideahotel.es\"],\"url\":\"https:\/\/mascasaverde.org\/index.php\/author\/ideahotel-ext\/\"}]}<\/script>\n<!-- \/ Yoast SEO plugin. -->","yoast_head_json":{"title":"Reencuentro con las familias atendidas en M\u00e1s Casa Tetu\u00e1n: presentaci\u00f3n de resultados del proyecto - Mas Casa Verde","description":"Reencuentro con familias atendidas en M\u00e1s Casa en Tetu\u00e1n para presentar resultados del proyecto y compartir una merienda. Agradecemos al Centro de Salud Mental de Tetu\u00e1n por las instalaciones.","robots":{"index":"index","follow":"follow","max-snippet":"max-snippet:-1","max-image-preview":"max-image-preview:large","max-video-preview":"max-video-preview:-1"},"canonical":"https:\/\/mascasaverde.org\/index.php\/2025\/05\/20\/reencuentro-con-las-familias-atendidas-en-mas-casa-tetuan-presentacion-de-resultados-del-proyecto\/","og_locale":"en_US","og_type":"article","og_title":"Reencuentro con las familias atendidas en M\u00e1s Casa Tetu\u00e1n: presentaci\u00f3n de resultados del proyecto - Mas Casa Verde","og_description":"Reencuentro con familias atendidas en M\u00e1s Casa en Tetu\u00e1n para presentar resultados del proyecto y compartir una merienda. Agradecemos al Centro de Salud Mental de Tetu\u00e1n por las instalaciones.","og_url":"https:\/\/mascasaverde.org\/index.php\/2025\/05\/20\/reencuentro-con-las-familias-atendidas-en-mas-casa-tetuan-presentacion-de-resultados-del-proyecto\/","og_site_name":"Mas Casa Verde","article_published_time":"2025-05-20T08:04:01+00:00","article_modified_time":"2025-06-23T18:50:05+00:00","og_image":[{"width":1920,"height":676,"url":"https:\/\/mascasaverde.org\/wp-content\/uploads\/2025\/05\/mas-casa-resultados-familias-tetuan-salud-mental-infancia.jpg","type":"image\/jpeg"}],"author":"M\u00e1s Casa","twitter_card":"summary_large_image","twitter_misc":{"Written by":"M\u00e1s Casa","Est. reading time":"2 minutes"},"schema":{"@context":"https:\/\/schema.org","@graph":[{"@type":"WebPage","@id":"https:\/\/mascasaverde.org\/index.php\/2025\/05\/20\/reencuentro-con-las-familias-atendidas-en-mas-casa-tetuan-presentacion-de-resultados-del-proyecto\/","url":"https:\/\/mascasaverde.org\/index.php\/2025\/05\/20\/reencuentro-con-las-familias-atendidas-en-mas-casa-tetuan-presentacion-de-resultados-del-proyecto\/","name":"Reencuentro con las familias atendidas en M\u00e1s Casa Tetu\u00e1n: presentaci\u00f3n de resultados del proyecto - Mas Casa Verde","isPartOf":{"@id":"https:\/\/mascasaverde.org\/#website"},"datePublished":"2025-05-20T08:04:01+00:00","dateModified":"2025-06-23T18:50:05+00:00","author":{"@id":"https:\/\/mascasaverde.org\/#\/schema\/person\/3a2c5d2514d17262754e77c4f4ac4172"},"description":"Reencuentro con familias atendidas en M\u00e1s Casa en Tetu\u00e1n para presentar resultados del proyecto y compartir una merienda. Agradecemos al Centro de Salud Mental de Tetu\u00e1n por las instalaciones.","breadcrumb":{"@id":"https:\/\/mascasaverde.org\/index.php\/2025\/05\/20\/reencuentro-con-las-familias-atendidas-en-mas-casa-tetuan-presentacion-de-resultados-del-proyecto\/#breadcrumb"},"inLanguage":"en-US","potentialAction":[{"@type":"ReadAction","target":["https:\/\/mascasaverde.org\/index.php\/2025\/05\/20\/reencuentro-con-las-familias-atendidas-en-mas-casa-tetuan-presentacion-de-resultados-del-proyecto\/"]}]},{"@type":"BreadcrumbList","@id":"https:\/\/mascasaverde.org\/index.php\/2025\/05\/20\/reencuentro-con-las-familias-atendidas-en-mas-casa-tetuan-presentacion-de-resultados-del-proyecto\/#breadcrumb","itemListElement":[{"@type":"ListItem","position":1,"name":"Portada","item":"https:\/\/mascasaverde.org\/"},{"@type":"ListItem","position":2,"name":"Reencuentro con las familias atendidas en M\u00e1s Casa Tetu\u00e1n: presentaci\u00f3n de resultados del proyecto"}]},{"@type":"WebSite","@id":"https:\/\/mascasaverde.org\/#website","url":"https:\/\/mascasaverde.org\/","name":"Mas Casa Verde","description":"Un proyecto de Fundaci\u00f3n Manantial","potentialAction":[{"@type":"SearchAction","target":{"@type":"EntryPoint","urlTemplate":"https:\/\/mascasaverde.org\/?s={search_term_string}"},"query-input":"required name=search_term_string"}],"inLanguage":"en-US"},{"@type":"Person","@id":"https:\/\/mascasaverde.org\/#\/schema\/person\/3a2c5d2514d17262754e77c4f4ac4172","name":"M\u00e1s Casa","sameAs":["http:\/\/ideahotel.es"],"url":"https:\/\/mascasaverde.org\/index.php\/author\/ideahotel-ext\/"}]}},"_links":{"self":[{"href":"https:\/\/mascasaverde.org\/index.php\/wp-json\/wp\/v2\/posts\/325","targetHints":{"allow":["GET"]}}],"collection":[{"href":"https:\/\/mascasaverde.org\/index.php\/wp-json\/wp\/v2\/posts"}],"about":[{"href":"https:\/\/mascasaverde.org\/index.php\/wp-json\/wp\/v2\/types\/post"}],"author":[{"embeddable":true,"href":"https:\/\/mascasaverde.org\/index.php\/wp-json\/wp\/v2\/users\/3"}],"replies":[{"embeddable":true,"href":"https:\/\/mascasaverde.org\/index.php\/wp-json\/wp\/v2\/comments?post=325"}],"version-history":[{"count":2,"href":"https:\/\/mascasaverde.org\/index.php\/wp-json\/wp\/v2\/posts\/325\/revisions"}],"predecessor-version":[{"id":371,"href":"https:\/\/mascasaverde.org\/index.php\/wp-json\/wp\/v2\/posts\/325\/revisions\/371"}],"wp:featuredmedia":[{"embeddable":true,"href":"https:\/\/mascasaverde.org\/index.php\/wp-json\/wp\/v2\/media\/329"}],"wp:attachment":[{"href":"https:\/\/mascasaverde.org\/index.php\/wp-json\/wp\/v2\/media?parent=325"}],"wp:term":[{"taxonomy":"category","embeddable":true,"href":"https:\/\/mascasaverde.org\/index.php\/wp-json\/wp\/v2\/categories?post=325"},{"taxonomy":"post_tag","embeddable":true,"href":"https:\/\/mascasaverde.org\/index.php\/wp-json\/wp\/v2\/tags?post=325"}],"curies":[{"name":"wp","href":"https:\/\/api.w.org\/{rel}","templated":true}]}}