{"id":322,"date":"2025-05-23T09:33:32","date_gmt":"2025-05-23T09:33:32","guid":{"rendered":"https:\/\/mascasaverde.org\/?p=322"},"modified":"2025-06-23T18:49:48","modified_gmt":"2025-06-23T18:49:48","slug":"mas-casa-presenta-los-resultados-de-su-intervencion-en-torrelodones","status":"publish","type":"post","link":"https:\/\/mascasaverde.org\/index.php\/2025\/05\/23\/mas-casa-presenta-los-resultados-de-su-intervencion-en-torrelodones\/","title":{"rendered":"M\u00e1s Casa presenta los resultados de su intervenci\u00f3n en Torrelodones"},"content":{"rendered":"<p dir=\"auto\">Fundaci\u00f3n Manantial ha presentado los resultados del proyecto M\u00e1s Casa en una jornada sobre Maternidad y Salud Mental en el Centro Municipal de Servicios Sociales de Torrelodones, en la que han participado <strong>Almudena Negro Konrad<\/strong>, alcaldesa del Ayuntamiento de <span class=\"il\">Torrelodones; <strong>E<\/strong><\/span><strong>lena Biurrun Sainz de Rozas<\/strong>, directora general de Fundaci\u00f3n Manantial, y <strong>Raquel del Amo<\/strong> y <strong>Teresa Vallesp\u00edn<\/strong>, profesionales del equipo M\u00e1s Casa \/ Casa Verde, y a la que ha asistido tambi\u00e9n Victoria Barderas, alcaldesa presidenta de Hoyo de Manzanares. Durante la jornada, se han compartido datos que <strong>demuestran el impacto positivo del proyecto en la prevenci\u00f3n del desamparo infantil y en el fortalecimiento de los v\u00ednculos afectivos entre madres e hijos.<\/strong><\/p>\r\n<p dir=\"auto\">Uno de los logros m\u00e1s destacados es que, durante el a\u00f1o de intervenci\u00f3n, <strong>no se produjo ninguna retirada de guardia y custodia en los tres dispositivos del programa.<\/strong> Esto se suma a los resultados del proyecto Casa Verde, que en 14 a\u00f1os solo ha registrado una retirada de custodia entre 162 familias atendidas.\u00a0Adem\u00e1s, de las 41 familias derivadas a \u2018M\u00e1s Casa\u2019, <strong>un 83% salieron del sistema de intervenci\u00f3n al no mantenerse la situaci\u00f3n de riesgo.<\/strong><\/p>\r\n<p dir=\"auto\">\u2018M\u00e1s Casa\u2019 no solo fortalece el v\u00ednculo entre madres, padres e hijos, sino que tambi\u00e9n <strong>contribuye a interrumpir el ciclo del trauma intergeneracional<\/strong>. Esto es especialmente importante en contextos marcados por la violencia, la pobreza o la migraci\u00f3n forzada.<\/p>\r\n<p dir=\"auto\">El programa tambi\u00e9n ha tenido un <strong>impacto positivo en el empoderamiento social y econ\u00f3mico de las mujeres participantes:<\/strong><\/p>\r\n<p dir=\"auto\">\ud83d\udd39 49% se incorporaron al mercado laboral.<\/p>\r\n<p dir=\"auto\">\ud83d\udd39 86% participaron activamente en la b\u00fasqueda de empleo.<\/p>\r\n<p dir=\"auto\">\ud83d\udd39 34% iniciaron procesos formativos.<\/p>\r\n<p dir=\"auto\">Adem\u00e1s, se ha observado una <strong>mejora significativa en las relaciones sociales, especialmente entre mujeres migrantes que previamente viv\u00edan en situaciones de aislamiento.<\/strong> Tambi\u00e9n ha aumentado la <strong>escolarizaci\u00f3n infantil<\/strong> y se han registrado <strong>mejoras en todas las variables del desarrollo infantil evaluadas.<\/strong><\/p>\r\n<strong>Sobre el Proyecto M\u00e1s Casa<\/strong>\r\n\r\n<strong>&#8220;M\u00e1s Casa\u201d<\/strong> es un proyecto piloto para la sistematizacio\u0301n y medicio\u0301n de la metodologi\u0301a \u201cCasa Verde\u201d, un programa de atenci\u00f3n que pusimos en marcha hace 14 a\u00f1os dirigido a madres y padres o mujeres embarazadas con problemas de salud mental o inestabilidad emocional y a sus hijos e hijas entre 0 y 5 a\u00f1os, que pretende prevenir posibles alteraciones emocionales y\/o en el desarrollo de los ni\u00f1os.<!-- \/wp:post-content --> <!-- wp:paragraph -->\r\n\r\nEste proyecto piloto de innovaci\u00f3n social ha sido subvencionado por la\u00a0<a href=\"https:\/\/www.comunidad.madrid\/centros\/consejeria-familia-juventud-asuntos-sociales\" target=\"_blank\" rel=\"noreferrer noopener\">Consejer\u00eda de Familia, Juventud y Asuntos Sociales<\/a>\u00a0de la Comunidad de Madrid y cofinanciado por el <a href=\"https:\/\/planderecuperacion.gob.es\/\" target=\"_blank\" rel=\"noreferrer noopener\">Plan de Recuperaci\u00f3n, Transformaci\u00f3n y\u00a0Resiliencia<\/a>, financiado por la Uni\u00f3n Europea \u2013 <a href=\"https:\/\/next-generation-eu.europa.eu\/index_es\" target=\"_blank\" rel=\"noreferrer noopener\">NextGenerationEU<\/a>.\r\n\r\nEl informe completo estar\u00e1 disponible muy pronto en esta web.","protected":false},"excerpt":{"rendered":"<p>Fundaci\u00f3n Manantial ha presentado los resultados del proyecto M\u00e1s Casa en una jornada sobre Maternidad y Salud Mental en el Centro Municipal de Servicios Sociales de Torrelodones, en la que han participado Almudena Negro Konrad, alcaldesa del Ayuntamiento de Torrelodones; Elena Biurrun Sainz de Rozas, directora general de Fundaci\u00f3n Manantial, y Raquel del Amo y [&hellip;]<\/p>\n","protected":false},"author":3,"featured_media":330,"comment_status":"closed","ping_status":"closed","sticky":false,"template":"","format":"standard","meta":{"_et_pb_use_builder":"","_et_pb_old_content":"","_et_gb_content_width":"","footnotes":""},"categories":[1],"tags":[119,26,48,123,59,120,126,125,128,44,22,41,35,117,127,45,129,121,46,122,118,32,124],"class_list":["post-322","post","type-post","status-publish","format-standard","has-post-thumbnail","hentry","category-sin-categoria","tag-almudena-negro-konrad","tag-casa-verde","tag-comunidad-de-madrid","tag-desamparo-infantil","tag-desarrollo-infantil","tag-elena-biurrun-sainz-de-rozas","tag-empoderamiento-economico","tag-empoderamiento-social","tag-escolarizacion-infantil","tag-fondos-nextgenerationeu","tag-fundacion-manantial","tag-innovacion-social","tag-mas-casa","tag-maternidad-y-salud-mental","tag-mujeres-migrantes","tag-plan-de-transformacion","tag-proyecto-piloto","tag-raquel-del-amo","tag-recuperacion-y-resiliencia","tag-teresa-vallespin","tag-torrelodones","tag-union-europea","tag-vinculos-afectivos"],"yoast_head":"<!-- This site is optimized with the Yoast SEO plugin v20.6 - https:\/\/yoast.com\/wordpress\/plugins\/seo\/ -->\n<title>M\u00e1s Casa presenta los resultados de su intervenci\u00f3n en Torrelodones - Mas Casa Verde<\/title>\n<meta name=\"description\" content=\"Fundaci\u00f3n Manantial presenta los resultados del proyecto M\u00e1s Casa en una jornada sobre Maternidad y Salud Mental en Torrelodones. Logros destacados incluyen la prevenci\u00f3n del desamparo infantil y el fortalecimiento de v\u00ednculos afectivos. M\u00e1s informaci\u00f3n pronto en nuestra web.\" \/>\n<meta name=\"robots\" content=\"index, follow, max-snippet:-1, max-image-preview:large, max-video-preview:-1\" \/>\n<link rel=\"canonical\" href=\"https:\/\/mascasaverde.org\/index.php\/2025\/05\/23\/mas-casa-presenta-los-resultados-de-su-intervencion-en-torrelodones\/\" \/>\n<meta property=\"og:locale\" content=\"en_US\" \/>\n<meta property=\"og:type\" content=\"article\" \/>\n<meta property=\"og:title\" content=\"M\u00e1s Casa presenta los resultados de su intervenci\u00f3n en Torrelodones - Mas Casa Verde\" \/>\n<meta property=\"og:description\" content=\"Fundaci\u00f3n Manantial presenta los resultados del proyecto M\u00e1s Casa en una jornada sobre Maternidad y Salud Mental en Torrelodones. Logros destacados incluyen la prevenci\u00f3n del desamparo infantil y el fortalecimiento de v\u00ednculos afectivos. M\u00e1s informaci\u00f3n pronto en nuestra web.\" \/>\n<meta property=\"og:url\" content=\"https:\/\/mascasaverde.org\/index.php\/2025\/05\/23\/mas-casa-presenta-los-resultados-de-su-intervencion-en-torrelodones\/\" \/>\n<meta property=\"og:site_name\" content=\"Mas Casa Verde\" \/>\n<meta property=\"article:published_time\" content=\"2025-05-23T09:33:32+00:00\" \/>\n<meta property=\"article:modified_time\" content=\"2025-06-23T18:49:48+00:00\" \/>\n<meta property=\"og:image\" content=\"https:\/\/mascasaverde.org\/wp-content\/uploads\/2025\/05\/mas-casa-resultados-jornada-torrelodones-salud-mental-infancia.jpg\" \/>\n\t<meta property=\"og:image:width\" content=\"1920\" \/>\n\t<meta property=\"og:image:height\" content=\"676\" \/>\n\t<meta property=\"og:image:type\" content=\"image\/jpeg\" \/>\n<meta name=\"author\" content=\"M\u00e1s Casa\" \/>\n<meta name=\"twitter:card\" content=\"summary_large_image\" \/>\n<meta name=\"twitter:label1\" content=\"Written by\" \/>\n\t<meta name=\"twitter:data1\" content=\"M\u00e1s Casa\" \/>\n\t<meta name=\"twitter:label2\" content=\"Est. reading time\" \/>\n\t<meta name=\"twitter:data2\" content=\"2 minutes\" \/>\n<script type=\"application\/ld+json\" class=\"yoast-schema-graph\">{\"@context\":\"https:\/\/schema.org\",\"@graph\":[{\"@type\":\"WebPage\",\"@id\":\"https:\/\/mascasaverde.org\/index.php\/2025\/05\/23\/mas-casa-presenta-los-resultados-de-su-intervencion-en-torrelodones\/\",\"url\":\"https:\/\/mascasaverde.org\/index.php\/2025\/05\/23\/mas-casa-presenta-los-resultados-de-su-intervencion-en-torrelodones\/\",\"name\":\"M\u00e1s Casa presenta los resultados de su intervenci\u00f3n en Torrelodones - Mas Casa Verde\",\"isPartOf\":{\"@id\":\"https:\/\/mascasaverde.org\/#website\"},\"datePublished\":\"2025-05-23T09:33:32+00:00\",\"dateModified\":\"2025-06-23T18:49:48+00:00\",\"author\":{\"@id\":\"https:\/\/mascasaverde.org\/#\/schema\/person\/3a2c5d2514d17262754e77c4f4ac4172\"},\"description\":\"Fundaci\u00f3n Manantial presenta los resultados del proyecto M\u00e1s Casa en una jornada sobre Maternidad y Salud Mental en Torrelodones. Logros destacados incluyen la prevenci\u00f3n del desamparo infantil y el fortalecimiento de v\u00ednculos afectivos. M\u00e1s informaci\u00f3n pronto en nuestra web.\",\"breadcrumb\":{\"@id\":\"https:\/\/mascasaverde.org\/index.php\/2025\/05\/23\/mas-casa-presenta-los-resultados-de-su-intervencion-en-torrelodones\/#breadcrumb\"},\"inLanguage\":\"en-US\",\"potentialAction\":[{\"@type\":\"ReadAction\",\"target\":[\"https:\/\/mascasaverde.org\/index.php\/2025\/05\/23\/mas-casa-presenta-los-resultados-de-su-intervencion-en-torrelodones\/\"]}]},{\"@type\":\"BreadcrumbList\",\"@id\":\"https:\/\/mascasaverde.org\/index.php\/2025\/05\/23\/mas-casa-presenta-los-resultados-de-su-intervencion-en-torrelodones\/#breadcrumb\",\"itemListElement\":[{\"@type\":\"ListItem\",\"position\":1,\"name\":\"Portada\",\"item\":\"https:\/\/mascasaverde.org\/\"},{\"@type\":\"ListItem\",\"position\":2,\"name\":\"M\u00e1s Casa presenta los resultados de su intervenci\u00f3n en Torrelodones\"}]},{\"@type\":\"WebSite\",\"@id\":\"https:\/\/mascasaverde.org\/#website\",\"url\":\"https:\/\/mascasaverde.org\/\",\"name\":\"Mas Casa Verde\",\"description\":\"Un proyecto de Fundaci\u00f3n Manantial\",\"potentialAction\":[{\"@type\":\"SearchAction\",\"target\":{\"@type\":\"EntryPoint\",\"urlTemplate\":\"https:\/\/mascasaverde.org\/?s={search_term_string}\"},\"query-input\":\"required name=search_term_string\"}],\"inLanguage\":\"en-US\"},{\"@type\":\"Person\",\"@id\":\"https:\/\/mascasaverde.org\/#\/schema\/person\/3a2c5d2514d17262754e77c4f4ac4172\",\"name\":\"M\u00e1s Casa\",\"sameAs\":[\"http:\/\/ideahotel.es\"],\"url\":\"https:\/\/mascasaverde.org\/index.php\/author\/ideahotel-ext\/\"}]}<\/script>\n<!-- \/ Yoast SEO plugin. -->","yoast_head_json":{"title":"M\u00e1s Casa presenta los resultados de su intervenci\u00f3n en Torrelodones - Mas Casa Verde","description":"Fundaci\u00f3n Manantial presenta los resultados del proyecto M\u00e1s Casa en una jornada sobre Maternidad y Salud Mental en Torrelodones. Logros destacados incluyen la prevenci\u00f3n del desamparo infantil y el fortalecimiento de v\u00ednculos afectivos. M\u00e1s informaci\u00f3n pronto en nuestra web.","robots":{"index":"index","follow":"follow","max-snippet":"max-snippet:-1","max-image-preview":"max-image-preview:large","max-video-preview":"max-video-preview:-1"},"canonical":"https:\/\/mascasaverde.org\/index.php\/2025\/05\/23\/mas-casa-presenta-los-resultados-de-su-intervencion-en-torrelodones\/","og_locale":"en_US","og_type":"article","og_title":"M\u00e1s Casa presenta los resultados de su intervenci\u00f3n en Torrelodones - Mas Casa Verde","og_description":"Fundaci\u00f3n Manantial presenta los resultados del proyecto M\u00e1s Casa en una jornada sobre Maternidad y Salud Mental en Torrelodones. Logros destacados incluyen la prevenci\u00f3n del desamparo infantil y el fortalecimiento de v\u00ednculos afectivos. M\u00e1s informaci\u00f3n pronto en nuestra web.","og_url":"https:\/\/mascasaverde.org\/index.php\/2025\/05\/23\/mas-casa-presenta-los-resultados-de-su-intervencion-en-torrelodones\/","og_site_name":"Mas Casa Verde","article_published_time":"2025-05-23T09:33:32+00:00","article_modified_time":"2025-06-23T18:49:48+00:00","og_image":[{"width":1920,"height":676,"url":"https:\/\/mascasaverde.org\/wp-content\/uploads\/2025\/05\/mas-casa-resultados-jornada-torrelodones-salud-mental-infancia.jpg","type":"image\/jpeg"}],"author":"M\u00e1s Casa","twitter_card":"summary_large_image","twitter_misc":{"Written by":"M\u00e1s Casa","Est. reading time":"2 minutes"},"schema":{"@context":"https:\/\/schema.org","@graph":[{"@type":"WebPage","@id":"https:\/\/mascasaverde.org\/index.php\/2025\/05\/23\/mas-casa-presenta-los-resultados-de-su-intervencion-en-torrelodones\/","url":"https:\/\/mascasaverde.org\/index.php\/2025\/05\/23\/mas-casa-presenta-los-resultados-de-su-intervencion-en-torrelodones\/","name":"M\u00e1s Casa presenta los resultados de su intervenci\u00f3n en Torrelodones - Mas Casa Verde","isPartOf":{"@id":"https:\/\/mascasaverde.org\/#website"},"datePublished":"2025-05-23T09:33:32+00:00","dateModified":"2025-06-23T18:49:48+00:00","author":{"@id":"https:\/\/mascasaverde.org\/#\/schema\/person\/3a2c5d2514d17262754e77c4f4ac4172"},"description":"Fundaci\u00f3n Manantial presenta los resultados del proyecto M\u00e1s Casa en una jornada sobre Maternidad y Salud Mental en Torrelodones. Logros destacados incluyen la prevenci\u00f3n del desamparo infantil y el fortalecimiento de v\u00ednculos afectivos. M\u00e1s informaci\u00f3n pronto en nuestra web.","breadcrumb":{"@id":"https:\/\/mascasaverde.org\/index.php\/2025\/05\/23\/mas-casa-presenta-los-resultados-de-su-intervencion-en-torrelodones\/#breadcrumb"},"inLanguage":"en-US","potentialAction":[{"@type":"ReadAction","target":["https:\/\/mascasaverde.org\/index.php\/2025\/05\/23\/mas-casa-presenta-los-resultados-de-su-intervencion-en-torrelodones\/"]}]},{"@type":"BreadcrumbList","@id":"https:\/\/mascasaverde.org\/index.php\/2025\/05\/23\/mas-casa-presenta-los-resultados-de-su-intervencion-en-torrelodones\/#breadcrumb","itemListElement":[{"@type":"ListItem","position":1,"name":"Portada","item":"https:\/\/mascasaverde.org\/"},{"@type":"ListItem","position":2,"name":"M\u00e1s Casa presenta los resultados de su intervenci\u00f3n en Torrelodones"}]},{"@type":"WebSite","@id":"https:\/\/mascasaverde.org\/#website","url":"https:\/\/mascasaverde.org\/","name":"Mas Casa Verde","description":"Un proyecto de Fundaci\u00f3n Manantial","potentialAction":[{"@type":"SearchAction","target":{"@type":"EntryPoint","urlTemplate":"https:\/\/mascasaverde.org\/?s={search_term_string}"},"query-input":"required name=search_term_string"}],"inLanguage":"en-US"},{"@type":"Person","@id":"https:\/\/mascasaverde.org\/#\/schema\/person\/3a2c5d2514d17262754e77c4f4ac4172","name":"M\u00e1s Casa","sameAs":["http:\/\/ideahotel.es"],"url":"https:\/\/mascasaverde.org\/index.php\/author\/ideahotel-ext\/"}]}},"_links":{"self":[{"href":"https:\/\/mascasaverde.org\/index.php\/wp-json\/wp\/v2\/posts\/322","targetHints":{"allow":["GET"]}}],"collection":[{"href":"https:\/\/mascasaverde.org\/index.php\/wp-json\/wp\/v2\/posts"}],"about":[{"href":"https:\/\/mascasaverde.org\/index.php\/wp-json\/wp\/v2\/types\/post"}],"author":[{"embeddable":true,"href":"https:\/\/mascasaverde.org\/index.php\/wp-json\/wp\/v2\/users\/3"}],"replies":[{"embeddable":true,"href":"https:\/\/mascasaverde.org\/index.php\/wp-json\/wp\/v2\/comments?post=322"}],"version-history":[{"count":5,"href":"https:\/\/mascasaverde.org\/index.php\/wp-json\/wp\/v2\/posts\/322\/revisions"}],"predecessor-version":[{"id":369,"href":"https:\/\/mascasaverde.org\/index.php\/wp-json\/wp\/v2\/posts\/322\/revisions\/369"}],"wp:featuredmedia":[{"embeddable":true,"href":"https:\/\/mascasaverde.org\/index.php\/wp-json\/wp\/v2\/media\/330"}],"wp:attachment":[{"href":"https:\/\/mascasaverde.org\/index.php\/wp-json\/wp\/v2\/media?parent=322"}],"wp:term":[{"taxonomy":"category","embeddable":true,"href":"https:\/\/mascasaverde.org\/index.php\/wp-json\/wp\/v2\/categories?post=322"},{"taxonomy":"post_tag","embeddable":true,"href":"https:\/\/mascasaverde.org\/index.php\/wp-json\/wp\/v2\/tags?post=322"}],"curies":[{"name":"wp","href":"https:\/\/api.w.org\/{rel}","templated":true}]}}