{"id":317,"date":"2025-05-14T12:45:39","date_gmt":"2025-05-14T12:45:39","guid":{"rendered":"https:\/\/mascasaverde.org\/?p=317"},"modified":"2025-06-23T18:50:12","modified_gmt":"2025-06-23T18:50:12","slug":"mas-casa-presenta-sus-resultados-en-fundacion-manantial-para-mostrar-el-impacto-en-la-infancia-y-en-la-maternidad","status":"publish","type":"post","link":"https:\/\/mascasaverde.org\/index.php\/2025\/05\/14\/mas-casa-presenta-sus-resultados-en-fundacion-manantial-para-mostrar-el-impacto-en-la-infancia-y-en-la-maternidad\/","title":{"rendered":"M\u00e1s Casa presenta sus resultados en Fundaci\u00f3n Manantial para mostrar el impacto en la infancia y en la maternidad"},"content":{"rendered":"<p data-start=\"1166\" data-end=\"1550\">Este 14 de mayo, en el centro de la calle Silvano de Madrid de Fundaci\u00f3n Manantial, presentamos los <strong data-start=\"1243\" data-end=\"1279\">resultados del proyecto M\u00e1s Casa<\/strong> al equipo profesional de la entidad. Ha sido una jornada en la que hemos podido compartir con compa\u00f1eras y compa\u00f1eros el recorrido de un a\u00f1o de intervenci\u00f3n con <strong data-start=\"1509\" data-end=\"1549\">ni\u00f1os, ni\u00f1as, beb\u00e9s, madres y padres <\/strong>en tres territorios.<\/p>\r\n<p data-start=\"1552\" data-end=\"1848\">Durante la presentaci\u00f3n, explicamos qu\u00e9 ha sido M\u00e1s Casa, c\u00f3mo se han desarrollado las intervenciones y qu\u00e9 impacto hemos observado en la vida de las familias participantes, reflejados en los resultados de nuestra investigaci\u00f3n. Pero tambi\u00e9n ha sido una forma de <strong>despedir el proyecto Casa Verde<\/strong> despu\u00e9s de 14 a\u00f1os en funcionamiento y poner en valor lo conseguido.<\/p>\r\n<p data-start=\"1850\" data-end=\"2240\">Queremos <strong data-start=\"1859\" data-end=\"1896\">reconocer el inmenso valor social<\/strong> que ha tenido Casa Verde\/M\u00e1s Casa en estos a\u00f1os y el impacto positivo que ha generado en la <strong data-start=\"1980\" data-end=\"2028\">prevenci\u00f3n de la salud mental en la infancia<\/strong>. Nuestro deseo es que este trabajo y la investigaci\u00f3n que lo respalda sirvan de base para que en el futuro podamos ver <strong data-start=\"2148\" data-end=\"2177\">m\u00e1s Casas Verdes abiertas<\/strong>, multiplicando estos espacios de cuidado y apoyo a la crianza.<\/p>\r\n<p class=\"p1\"><strong>Sobre Casa Verde<\/strong><\/p>\r\n<p class=\"p1\">Casa Verde es un programa de atenci\u00f3n <b>dirigido a madres y padres o mujeres embarazadas con problemas de salud mental o inestabilidad emocional y a sus hijos e hijas entre 0 y 5 a\u00f1os<\/b>, que pretende prevenir posibles alteraciones emocionales y\/o en el desarrollo de los ni\u00f1os.\u00a0Se basa en un conjunto de\u00a0<b>actuaciones e intervenciones profesionales<\/b>\u00a0dirigidas a reducir factores de riesgo, desarrollar v\u00ednculos saludables y atender los problemas emocionales y de salud mental de los adultos, as\u00ed como a estimular el desarrollo de los ni\u00f1os y ni\u00f1as.<\/p>\r\n<p class=\"p1\">Nuestra intervenci\u00f3n produce los apoyos y cambios necesarios para que los padres y madres en las situaciones de riesgo descritas puedan ejercer su maternidad y paternidad en condiciones de igualdad con el resto de la poblaci\u00f3n.\u00a0Casa Verde ha contribuido durante sus 11 a\u00f1os de funcionamiento a <strong>garantizar el derecho de los ni\u00f1os y las ni\u00f1as a crecer en un ambiente de seguridad y cuidado<\/strong>.<\/p>\r\n<strong>Sobre el Proyecto M\u00e1s Casa<\/strong>\r\n\r\n<strong>&#8220;M\u00e1s Casa\u201d<\/strong> es un proyecto piloto para la sistematizacio\u0301n y medicio\u0301n de la metodologi\u0301a \u201cCasa Verde\u201d, un programa de atenci\u00f3n que pusimos en marcha hace 14 a\u00f1os dirigido a madres y padres o mujeres embarazadas con problemas de salud mental o inestabilidad emocional y a sus hijos e hijas entre 0 y 5 a\u00f1os, que pretende prevenir posibles alteraciones emocionales y\/o en el desarrollo de los ni\u00f1os.<!-- \/wp:post-content --> <!-- wp:paragraph -->\r\n\r\nEste proyecto piloto de innovaci\u00f3n social ha sido subvencionado por la\u00a0<a href=\"https:\/\/www.comunidad.madrid\/centros\/consejeria-familia-juventud-asuntos-sociales\" target=\"_blank\" rel=\"noreferrer noopener\">Consejer\u00eda de Familia, Juventud y Asuntos Sociales<\/a>\u00a0de la Comunidad de Madrid y cofinanciado por el <a href=\"https:\/\/planderecuperacion.gob.es\/\" target=\"_blank\" rel=\"noreferrer noopener\">Plan de Recuperaci\u00f3n, Transformaci\u00f3n y\u00a0Resiliencia<\/a>, financiado por la Uni\u00f3n Europea \u2013 <a href=\"https:\/\/next-generation-eu.europa.eu\/index_es\" target=\"_blank\" rel=\"noreferrer noopener\">NextGenerationEU<\/a>.","protected":false},"excerpt":{"rendered":"<p>Este 14 de mayo, en el centro de la calle Silvano de Madrid de Fundaci\u00f3n Manantial, presentamos los resultados del proyecto M\u00e1s Casa al equipo profesional de la entidad. Ha sido una jornada en la que hemos podido compartir con compa\u00f1eras y compa\u00f1eros el recorrido de un a\u00f1o de intervenci\u00f3n con ni\u00f1os, ni\u00f1as, beb\u00e9s, madres [&hellip;]<\/p>\n","protected":false},"author":3,"featured_media":320,"comment_status":"closed","ping_status":"closed","sticky":false,"template":"","format":"standard","meta":{"_et_pb_use_builder":"","_et_pb_old_content":"","_et_gb_content_width":"","footnotes":""},"categories":[1],"tags":[100,103,26,22,102,98,104,85,35,92,99,101,105,55],"class_list":["post-317","post","type-post","status-publish","format-standard","has-post-thumbnail","hentry","category-sin-categoria","tag-apoyo-a-la-maternidad","tag-calle-silvano","tag-casa-verde","tag-fundacion-manantial","tag-impacto-social","tag-intervencion-familiar","tag-investigacion-social","tag-madrid","tag-mas-casa","tag-paternidad","tag-prevencion-en-salud-mental","tag-primera-infancia","tag-proyectos-comunitarios","tag-salud-mental-infantil"],"yoast_head":"<!-- This site is optimized with the Yoast SEO plugin v20.6 - https:\/\/yoast.com\/wordpress\/plugins\/seo\/ -->\n<title>M\u00e1s Casa presenta sus resultados en Fundaci\u00f3n Manantial para mostrar el impacto en la infancia y en la maternidad - Mas Casa Verde<\/title>\n<meta name=\"description\" content=\"M\u00e1s Casa present\u00f3 sus resultados al equipo de Fundaci\u00f3n Manantial en Madrid, compartiendo los logros tras un a\u00f1o de intervenci\u00f3n y despidiendo el proyecto Casa Verde tras 14 a\u00f1os de trabajo con familias.\" \/>\n<meta name=\"robots\" content=\"index, follow, max-snippet:-1, max-image-preview:large, max-video-preview:-1\" \/>\n<link rel=\"canonical\" href=\"https:\/\/mascasaverde.org\/index.php\/2025\/05\/14\/mas-casa-presenta-sus-resultados-en-fundacion-manantial-para-mostrar-el-impacto-en-la-infancia-y-en-la-maternidad\/\" \/>\n<meta property=\"og:locale\" content=\"en_US\" \/>\n<meta property=\"og:type\" content=\"article\" \/>\n<meta property=\"og:title\" content=\"M\u00e1s Casa presenta sus resultados en Fundaci\u00f3n Manantial para mostrar el impacto en la infancia y en la maternidad - Mas Casa Verde\" \/>\n<meta property=\"og:description\" content=\"M\u00e1s Casa present\u00f3 sus resultados al equipo de Fundaci\u00f3n Manantial en Madrid, compartiendo los logros tras un a\u00f1o de intervenci\u00f3n y despidiendo el proyecto Casa Verde tras 14 a\u00f1os de trabajo con familias.\" \/>\n<meta property=\"og:url\" content=\"https:\/\/mascasaverde.org\/index.php\/2025\/05\/14\/mas-casa-presenta-sus-resultados-en-fundacion-manantial-para-mostrar-el-impacto-en-la-infancia-y-en-la-maternidad\/\" \/>\n<meta property=\"og:site_name\" content=\"Mas Casa Verde\" \/>\n<meta property=\"article:published_time\" content=\"2025-05-14T12:45:39+00:00\" \/>\n<meta property=\"article:modified_time\" content=\"2025-06-23T18:50:12+00:00\" \/>\n<meta property=\"og:image\" content=\"https:\/\/mascasaverde.org\/wp-content\/uploads\/2025\/05\/mas-casa-resultados-familias-sesion-tecnica-salud-mental-infancia.jpg\" \/>\n\t<meta property=\"og:image:width\" content=\"1920\" \/>\n\t<meta property=\"og:image:height\" content=\"676\" \/>\n\t<meta property=\"og:image:type\" content=\"image\/jpeg\" \/>\n<meta name=\"author\" content=\"M\u00e1s Casa\" \/>\n<meta name=\"twitter:card\" content=\"summary_large_image\" \/>\n<meta name=\"twitter:label1\" content=\"Written by\" \/>\n\t<meta name=\"twitter:data1\" content=\"M\u00e1s Casa\" \/>\n\t<meta name=\"twitter:label2\" content=\"Est. reading time\" \/>\n\t<meta name=\"twitter:data2\" content=\"3 minutes\" \/>\n<script type=\"application\/ld+json\" class=\"yoast-schema-graph\">{\"@context\":\"https:\/\/schema.org\",\"@graph\":[{\"@type\":\"WebPage\",\"@id\":\"https:\/\/mascasaverde.org\/index.php\/2025\/05\/14\/mas-casa-presenta-sus-resultados-en-fundacion-manantial-para-mostrar-el-impacto-en-la-infancia-y-en-la-maternidad\/\",\"url\":\"https:\/\/mascasaverde.org\/index.php\/2025\/05\/14\/mas-casa-presenta-sus-resultados-en-fundacion-manantial-para-mostrar-el-impacto-en-la-infancia-y-en-la-maternidad\/\",\"name\":\"M\u00e1s Casa presenta sus resultados en Fundaci\u00f3n Manantial para mostrar el impacto en la infancia y en la maternidad - Mas Casa Verde\",\"isPartOf\":{\"@id\":\"https:\/\/mascasaverde.org\/#website\"},\"datePublished\":\"2025-05-14T12:45:39+00:00\",\"dateModified\":\"2025-06-23T18:50:12+00:00\",\"author\":{\"@id\":\"https:\/\/mascasaverde.org\/#\/schema\/person\/3a2c5d2514d17262754e77c4f4ac4172\"},\"description\":\"M\u00e1s Casa present\u00f3 sus resultados al equipo de Fundaci\u00f3n Manantial en Madrid, compartiendo los logros tras un a\u00f1o de intervenci\u00f3n y despidiendo el proyecto Casa Verde tras 14 a\u00f1os de trabajo con familias.\",\"breadcrumb\":{\"@id\":\"https:\/\/mascasaverde.org\/index.php\/2025\/05\/14\/mas-casa-presenta-sus-resultados-en-fundacion-manantial-para-mostrar-el-impacto-en-la-infancia-y-en-la-maternidad\/#breadcrumb\"},\"inLanguage\":\"en-US\",\"potentialAction\":[{\"@type\":\"ReadAction\",\"target\":[\"https:\/\/mascasaverde.org\/index.php\/2025\/05\/14\/mas-casa-presenta-sus-resultados-en-fundacion-manantial-para-mostrar-el-impacto-en-la-infancia-y-en-la-maternidad\/\"]}]},{\"@type\":\"BreadcrumbList\",\"@id\":\"https:\/\/mascasaverde.org\/index.php\/2025\/05\/14\/mas-casa-presenta-sus-resultados-en-fundacion-manantial-para-mostrar-el-impacto-en-la-infancia-y-en-la-maternidad\/#breadcrumb\",\"itemListElement\":[{\"@type\":\"ListItem\",\"position\":1,\"name\":\"Portada\",\"item\":\"https:\/\/mascasaverde.org\/\"},{\"@type\":\"ListItem\",\"position\":2,\"name\":\"M\u00e1s Casa presenta sus resultados en Fundaci\u00f3n Manantial para mostrar el impacto en la infancia y en la maternidad\"}]},{\"@type\":\"WebSite\",\"@id\":\"https:\/\/mascasaverde.org\/#website\",\"url\":\"https:\/\/mascasaverde.org\/\",\"name\":\"Mas Casa Verde\",\"description\":\"Un proyecto de Fundaci\u00f3n Manantial\",\"potentialAction\":[{\"@type\":\"SearchAction\",\"target\":{\"@type\":\"EntryPoint\",\"urlTemplate\":\"https:\/\/mascasaverde.org\/?s={search_term_string}\"},\"query-input\":\"required name=search_term_string\"}],\"inLanguage\":\"en-US\"},{\"@type\":\"Person\",\"@id\":\"https:\/\/mascasaverde.org\/#\/schema\/person\/3a2c5d2514d17262754e77c4f4ac4172\",\"name\":\"M\u00e1s Casa\",\"sameAs\":[\"http:\/\/ideahotel.es\"],\"url\":\"https:\/\/mascasaverde.org\/index.php\/author\/ideahotel-ext\/\"}]}<\/script>\n<!-- \/ Yoast SEO plugin. -->","yoast_head_json":{"title":"M\u00e1s Casa presenta sus resultados en Fundaci\u00f3n Manantial para mostrar el impacto en la infancia y en la maternidad - Mas Casa Verde","description":"M\u00e1s Casa present\u00f3 sus resultados al equipo de Fundaci\u00f3n Manantial en Madrid, compartiendo los logros tras un a\u00f1o de intervenci\u00f3n y despidiendo el proyecto Casa Verde tras 14 a\u00f1os de trabajo con familias.","robots":{"index":"index","follow":"follow","max-snippet":"max-snippet:-1","max-image-preview":"max-image-preview:large","max-video-preview":"max-video-preview:-1"},"canonical":"https:\/\/mascasaverde.org\/index.php\/2025\/05\/14\/mas-casa-presenta-sus-resultados-en-fundacion-manantial-para-mostrar-el-impacto-en-la-infancia-y-en-la-maternidad\/","og_locale":"en_US","og_type":"article","og_title":"M\u00e1s Casa presenta sus resultados en Fundaci\u00f3n Manantial para mostrar el impacto en la infancia y en la maternidad - Mas Casa Verde","og_description":"M\u00e1s Casa present\u00f3 sus resultados al equipo de Fundaci\u00f3n Manantial en Madrid, compartiendo los logros tras un a\u00f1o de intervenci\u00f3n y despidiendo el proyecto Casa Verde tras 14 a\u00f1os de trabajo con familias.","og_url":"https:\/\/mascasaverde.org\/index.php\/2025\/05\/14\/mas-casa-presenta-sus-resultados-en-fundacion-manantial-para-mostrar-el-impacto-en-la-infancia-y-en-la-maternidad\/","og_site_name":"Mas Casa Verde","article_published_time":"2025-05-14T12:45:39+00:00","article_modified_time":"2025-06-23T18:50:12+00:00","og_image":[{"width":1920,"height":676,"url":"https:\/\/mascasaverde.org\/wp-content\/uploads\/2025\/05\/mas-casa-resultados-familias-sesion-tecnica-salud-mental-infancia.jpg","type":"image\/jpeg"}],"author":"M\u00e1s Casa","twitter_card":"summary_large_image","twitter_misc":{"Written by":"M\u00e1s Casa","Est. reading time":"3 minutes"},"schema":{"@context":"https:\/\/schema.org","@graph":[{"@type":"WebPage","@id":"https:\/\/mascasaverde.org\/index.php\/2025\/05\/14\/mas-casa-presenta-sus-resultados-en-fundacion-manantial-para-mostrar-el-impacto-en-la-infancia-y-en-la-maternidad\/","url":"https:\/\/mascasaverde.org\/index.php\/2025\/05\/14\/mas-casa-presenta-sus-resultados-en-fundacion-manantial-para-mostrar-el-impacto-en-la-infancia-y-en-la-maternidad\/","name":"M\u00e1s Casa presenta sus resultados en Fundaci\u00f3n Manantial para mostrar el impacto en la infancia y en la maternidad - Mas Casa Verde","isPartOf":{"@id":"https:\/\/mascasaverde.org\/#website"},"datePublished":"2025-05-14T12:45:39+00:00","dateModified":"2025-06-23T18:50:12+00:00","author":{"@id":"https:\/\/mascasaverde.org\/#\/schema\/person\/3a2c5d2514d17262754e77c4f4ac4172"},"description":"M\u00e1s Casa present\u00f3 sus resultados al equipo de Fundaci\u00f3n Manantial en Madrid, compartiendo los logros tras un a\u00f1o de intervenci\u00f3n y despidiendo el proyecto Casa Verde tras 14 a\u00f1os de trabajo con familias.","breadcrumb":{"@id":"https:\/\/mascasaverde.org\/index.php\/2025\/05\/14\/mas-casa-presenta-sus-resultados-en-fundacion-manantial-para-mostrar-el-impacto-en-la-infancia-y-en-la-maternidad\/#breadcrumb"},"inLanguage":"en-US","potentialAction":[{"@type":"ReadAction","target":["https:\/\/mascasaverde.org\/index.php\/2025\/05\/14\/mas-casa-presenta-sus-resultados-en-fundacion-manantial-para-mostrar-el-impacto-en-la-infancia-y-en-la-maternidad\/"]}]},{"@type":"BreadcrumbList","@id":"https:\/\/mascasaverde.org\/index.php\/2025\/05\/14\/mas-casa-presenta-sus-resultados-en-fundacion-manantial-para-mostrar-el-impacto-en-la-infancia-y-en-la-maternidad\/#breadcrumb","itemListElement":[{"@type":"ListItem","position":1,"name":"Portada","item":"https:\/\/mascasaverde.org\/"},{"@type":"ListItem","position":2,"name":"M\u00e1s Casa presenta sus resultados en Fundaci\u00f3n Manantial para mostrar el impacto en la infancia y en la maternidad"}]},{"@type":"WebSite","@id":"https:\/\/mascasaverde.org\/#website","url":"https:\/\/mascasaverde.org\/","name":"Mas Casa Verde","description":"Un proyecto de Fundaci\u00f3n Manantial","potentialAction":[{"@type":"SearchAction","target":{"@type":"EntryPoint","urlTemplate":"https:\/\/mascasaverde.org\/?s={search_term_string}"},"query-input":"required name=search_term_string"}],"inLanguage":"en-US"},{"@type":"Person","@id":"https:\/\/mascasaverde.org\/#\/schema\/person\/3a2c5d2514d17262754e77c4f4ac4172","name":"M\u00e1s Casa","sameAs":["http:\/\/ideahotel.es"],"url":"https:\/\/mascasaverde.org\/index.php\/author\/ideahotel-ext\/"}]}},"_links":{"self":[{"href":"https:\/\/mascasaverde.org\/index.php\/wp-json\/wp\/v2\/posts\/317","targetHints":{"allow":["GET"]}}],"collection":[{"href":"https:\/\/mascasaverde.org\/index.php\/wp-json\/wp\/v2\/posts"}],"about":[{"href":"https:\/\/mascasaverde.org\/index.php\/wp-json\/wp\/v2\/types\/post"}],"author":[{"embeddable":true,"href":"https:\/\/mascasaverde.org\/index.php\/wp-json\/wp\/v2\/users\/3"}],"replies":[{"embeddable":true,"href":"https:\/\/mascasaverde.org\/index.php\/wp-json\/wp\/v2\/comments?post=317"}],"version-history":[{"count":3,"href":"https:\/\/mascasaverde.org\/index.php\/wp-json\/wp\/v2\/posts\/317\/revisions"}],"predecessor-version":[{"id":372,"href":"https:\/\/mascasaverde.org\/index.php\/wp-json\/wp\/v2\/posts\/317\/revisions\/372"}],"wp:featuredmedia":[{"embeddable":true,"href":"https:\/\/mascasaverde.org\/index.php\/wp-json\/wp\/v2\/media\/320"}],"wp:attachment":[{"href":"https:\/\/mascasaverde.org\/index.php\/wp-json\/wp\/v2\/media?parent=317"}],"wp:term":[{"taxonomy":"category","embeddable":true,"href":"https:\/\/mascasaverde.org\/index.php\/wp-json\/wp\/v2\/categories?post=317"},{"taxonomy":"post_tag","embeddable":true,"href":"https:\/\/mascasaverde.org\/index.php\/wp-json\/wp\/v2\/tags?post=317"}],"curies":[{"name":"wp","href":"https:\/\/api.w.org\/{rel}","templated":true}]}}