{"id":308,"date":"2025-05-09T11:59:14","date_gmt":"2025-05-09T11:59:14","guid":{"rendered":"https:\/\/mascasaverde.org\/?p=308"},"modified":"2025-06-23T18:50:27","modified_gmt":"2025-06-23T18:50:27","slug":"mas-casa-presenta-los-resultados-de-su-investigacion-a-las-familias-atendidas-en-vallecas","status":"publish","type":"post","link":"https:\/\/mascasaverde.org\/index.php\/2025\/05\/09\/mas-casa-presenta-los-resultados-de-su-investigacion-a-las-familias-atendidas-en-vallecas\/","title":{"rendered":"M\u00e1s Casa presenta los resultados de su investigaci\u00f3n a las familias atendidas en Vallecas"},"content":{"rendered":"<p data-start=\"689\" data-end=\"1029\">El 8 de mayo comenzamos en Vallecas las jornadas de presentaci\u00f3n de los resultados de la investigaci\u00f3n que hemos llevado a cabo en <strong data-start=\"827\" data-end=\"839\">M\u00e1s Casa<\/strong>. Para nosotros era fundamental compartir primero estos avances con quienes han sido parte esencial del proceso: las familias con las que hemos trabajado, especialmente desde <strong data-start=\"1014\" data-end=\"1028\">Casa Verde<\/strong>.<\/p>\r\n<p data-start=\"1031\" data-end=\"1404\">El encuentro tuvo lugar en el local de la <strong data-start=\"1073\" data-end=\"1120\">Asociaci\u00f3n Vecinal PAU Ensanche de Vallecas<\/strong>, y fue muy especial. Nos acompa\u00f1aron m\u00e1s de 40 personas, entre madres y peques, en una tarde que estuvo cargada de emociones, risas y cari\u00f1o. Tras la presentaci\u00f3n, compartimos una merienda y disfrutamos jugando con el paraca\u00eddas, creando un ambiente de alegr\u00eda y cercan\u00eda.<\/p>\r\n<p data-start=\"1406\" data-end=\"1673\"><strong>Queremos agradecer profundamente a todas las familias por su implicaci\u00f3n, compromiso y confianza a lo largo de esta investigaci\u00f3n.<\/strong> Tambi\u00e9n a la <strong data-start=\"1550\" data-end=\"1581\">AV PAU Ensanche de Vallecas<\/strong>, por su colaboraci\u00f3n constante y por cedernos el espacio para hacer posible este encuentro.<\/p>\r\n<p data-start=\"1675\" data-end=\"1998\">Este evento marca el inicio de una serie de presentaciones con las que queremos seguir difundiendo los aprendizajes y resultados del proyecto M\u00e1s Casa.<\/p>\r\n<strong>Sobre el Proyecto M\u00e1s Casa<\/strong>\r\n\r\n<strong>&#8220;M\u00e1s Casa\u201d<\/strong> es un proyecto piloto para la sistematizacio\u0301n y medicio\u0301n de la metodologi\u0301a \u201cCasa Verde\u201d, un programa de atenci\u00f3n que pusimos en marcha hace 14 a\u00f1os dirigido a madres y padres o mujeres embarazadas con problemas de salud mental o inestabilidad emocional y a sus hijos e hijas entre 0 y 5 a\u00f1os, que pretende prevenir posibles alteraciones emocionales y\/o en el desarrollo de los ni\u00f1os.<!-- \/wp:post-content --> <!-- wp:paragraph -->\r\n\r\nEste proyecto piloto de innovaci\u00f3n social ha sido subvencionado por la\u00a0<a href=\"https:\/\/www.comunidad.madrid\/centros\/consejeria-familia-juventud-asuntos-sociales\" target=\"_blank\" rel=\"noreferrer noopener\">Consejer\u00eda de Familia, Juventud y Asuntos Sociales<\/a>\u00a0de la Comunidad de Madrid y cofinanciado por el <a href=\"https:\/\/planderecuperacion.gob.es\/\" target=\"_blank\" rel=\"noreferrer noopener\">Plan de Recuperaci\u00f3n, Transformaci\u00f3n y\u00a0Resiliencia<\/a>, financiado por la Uni\u00f3n Europea \u2013 <a href=\"https:\/\/next-generation-eu.europa.eu\/index_es\" target=\"_blank\" rel=\"noreferrer noopener\">NextGenerationEU<\/a>.","protected":false},"excerpt":{"rendered":"<p>El 8 de mayo comenzamos en Vallecas las jornadas de presentaci\u00f3n de los resultados de la investigaci\u00f3n que hemos llevado a cabo en M\u00e1s Casa. Para nosotros era fundamental compartir primero estos avances con quienes han sido parte esencial del proceso: las familias con las que hemos trabajado, especialmente desde Casa Verde. El encuentro tuvo [&hellip;]<\/p>\n","protected":false},"author":3,"featured_media":309,"comment_status":"closed","ping_status":"closed","sticky":false,"template":"","format":"standard","meta":{"_et_pb_use_builder":"","_et_pb_old_content":"","_et_gb_content_width":"","footnotes":""},"categories":[1],"tags":[26,95,22,6,21,35,74,31,96,40,97,16],"class_list":["post-308","post","type-post","status-publish","format-standard","has-post-thumbnail","hentry","category-sin-categoria","tag-casa-verde","tag-familias-participantes","tag-fundacion-manantial","tag-infancia","tag-investigacion","tag-mas-casa","tag-ministerio-de-derechos-sociales","tag-nextgeneration","tag-presentacion-de-resultados","tag-prevencion","tag-sroi","tag-vallecas"],"yoast_head":"<!-- This site is optimized with the Yoast SEO plugin v20.6 - https:\/\/yoast.com\/wordpress\/plugins\/seo\/ -->\n<title>M\u00e1s Casa presenta los resultados de su investigaci\u00f3n a las familias atendidas en Vallecas - Mas Casa Verde M\u00e1s Casa presenta los resultados de su investigaci\u00f3n junto a familias en Vallecas<\/title>\n<meta name=\"description\" content=\"M\u00e1s Casa inicia sus jornadas de presentaci\u00f3n de resultados en Vallecas, compartiendo con las familias de Casa Verde los avances de su investigaci\u00f3n en un emotivo encuentro lleno de agradecimientos y comunidad.\" \/>\n<meta name=\"robots\" content=\"index, follow, max-snippet:-1, max-image-preview:large, max-video-preview:-1\" \/>\n<link rel=\"canonical\" href=\"https:\/\/mascasaverde.org\/index.php\/2025\/05\/09\/mas-casa-presenta-los-resultados-de-su-investigacion-a-las-familias-atendidas-en-vallecas\/\" \/>\n<meta property=\"og:locale\" content=\"en_US\" \/>\n<meta property=\"og:type\" content=\"article\" \/>\n<meta property=\"og:title\" content=\"M\u00e1s Casa presenta los resultados de su investigaci\u00f3n a las familias atendidas en Vallecas - Mas Casa Verde M\u00e1s Casa presenta los resultados de su investigaci\u00f3n junto a familias en Vallecas\" \/>\n<meta property=\"og:description\" content=\"M\u00e1s Casa inicia sus jornadas de presentaci\u00f3n de resultados en Vallecas, compartiendo con las familias de Casa Verde los avances de su investigaci\u00f3n en un emotivo encuentro lleno de agradecimientos y comunidad.\" \/>\n<meta property=\"og:url\" content=\"https:\/\/mascasaverde.org\/index.php\/2025\/05\/09\/mas-casa-presenta-los-resultados-de-su-investigacion-a-las-familias-atendidas-en-vallecas\/\" \/>\n<meta property=\"og:site_name\" content=\"Mas Casa Verde\" \/>\n<meta property=\"article:published_time\" content=\"2025-05-09T11:59:14+00:00\" \/>\n<meta property=\"article:modified_time\" content=\"2025-06-23T18:50:27+00:00\" \/>\n<meta property=\"og:image\" content=\"https:\/\/mascasaverde.org\/wp-content\/uploads\/2025\/05\/mas-casa-resultados-familias-vallecas-salud-mental-infancia.jpg\" \/>\n\t<meta property=\"og:image:width\" content=\"1920\" \/>\n\t<meta property=\"og:image:height\" content=\"676\" \/>\n\t<meta property=\"og:image:type\" content=\"image\/jpeg\" \/>\n<meta name=\"author\" content=\"M\u00e1s Casa\" \/>\n<meta name=\"twitter:card\" content=\"summary_large_image\" \/>\n<meta name=\"twitter:label1\" content=\"Written by\" \/>\n\t<meta name=\"twitter:data1\" content=\"M\u00e1s Casa\" \/>\n\t<meta name=\"twitter:label2\" content=\"Est. reading time\" \/>\n\t<meta name=\"twitter:data2\" content=\"2 minutes\" \/>\n<script type=\"application\/ld+json\" class=\"yoast-schema-graph\">{\"@context\":\"https:\/\/schema.org\",\"@graph\":[{\"@type\":\"WebPage\",\"@id\":\"https:\/\/mascasaverde.org\/index.php\/2025\/05\/09\/mas-casa-presenta-los-resultados-de-su-investigacion-a-las-familias-atendidas-en-vallecas\/\",\"url\":\"https:\/\/mascasaverde.org\/index.php\/2025\/05\/09\/mas-casa-presenta-los-resultados-de-su-investigacion-a-las-familias-atendidas-en-vallecas\/\",\"name\":\"M\u00e1s Casa presenta los resultados de su investigaci\u00f3n a las familias atendidas en Vallecas - Mas Casa Verde M\u00e1s Casa presenta los resultados de su investigaci\u00f3n junto a familias en Vallecas\",\"isPartOf\":{\"@id\":\"https:\/\/mascasaverde.org\/#website\"},\"datePublished\":\"2025-05-09T11:59:14+00:00\",\"dateModified\":\"2025-06-23T18:50:27+00:00\",\"author\":{\"@id\":\"https:\/\/mascasaverde.org\/#\/schema\/person\/3a2c5d2514d17262754e77c4f4ac4172\"},\"description\":\"M\u00e1s Casa inicia sus jornadas de presentaci\u00f3n de resultados en Vallecas, compartiendo con las familias de Casa Verde los avances de su investigaci\u00f3n en un emotivo encuentro lleno de agradecimientos y comunidad.\",\"breadcrumb\":{\"@id\":\"https:\/\/mascasaverde.org\/index.php\/2025\/05\/09\/mas-casa-presenta-los-resultados-de-su-investigacion-a-las-familias-atendidas-en-vallecas\/#breadcrumb\"},\"inLanguage\":\"en-US\",\"potentialAction\":[{\"@type\":\"ReadAction\",\"target\":[\"https:\/\/mascasaverde.org\/index.php\/2025\/05\/09\/mas-casa-presenta-los-resultados-de-su-investigacion-a-las-familias-atendidas-en-vallecas\/\"]}]},{\"@type\":\"BreadcrumbList\",\"@id\":\"https:\/\/mascasaverde.org\/index.php\/2025\/05\/09\/mas-casa-presenta-los-resultados-de-su-investigacion-a-las-familias-atendidas-en-vallecas\/#breadcrumb\",\"itemListElement\":[{\"@type\":\"ListItem\",\"position\":1,\"name\":\"Portada\",\"item\":\"https:\/\/mascasaverde.org\/\"},{\"@type\":\"ListItem\",\"position\":2,\"name\":\"M\u00e1s Casa presenta los resultados de su investigaci\u00f3n a las familias atendidas en Vallecas\"}]},{\"@type\":\"WebSite\",\"@id\":\"https:\/\/mascasaverde.org\/#website\",\"url\":\"https:\/\/mascasaverde.org\/\",\"name\":\"Mas Casa Verde\",\"description\":\"Un proyecto de Fundaci\u00f3n Manantial\",\"potentialAction\":[{\"@type\":\"SearchAction\",\"target\":{\"@type\":\"EntryPoint\",\"urlTemplate\":\"https:\/\/mascasaverde.org\/?s={search_term_string}\"},\"query-input\":\"required name=search_term_string\"}],\"inLanguage\":\"en-US\"},{\"@type\":\"Person\",\"@id\":\"https:\/\/mascasaverde.org\/#\/schema\/person\/3a2c5d2514d17262754e77c4f4ac4172\",\"name\":\"M\u00e1s Casa\",\"sameAs\":[\"http:\/\/ideahotel.es\"],\"url\":\"https:\/\/mascasaverde.org\/index.php\/author\/ideahotel-ext\/\"}]}<\/script>\n<!-- \/ Yoast SEO plugin. -->","yoast_head_json":{"title":"M\u00e1s Casa presenta los resultados de su investigaci\u00f3n a las familias atendidas en Vallecas - Mas Casa Verde M\u00e1s Casa presenta los resultados de su investigaci\u00f3n junto a familias en Vallecas","description":"M\u00e1s Casa inicia sus jornadas de presentaci\u00f3n de resultados en Vallecas, compartiendo con las familias de Casa Verde los avances de su investigaci\u00f3n en un emotivo encuentro lleno de agradecimientos y comunidad.","robots":{"index":"index","follow":"follow","max-snippet":"max-snippet:-1","max-image-preview":"max-image-preview:large","max-video-preview":"max-video-preview:-1"},"canonical":"https:\/\/mascasaverde.org\/index.php\/2025\/05\/09\/mas-casa-presenta-los-resultados-de-su-investigacion-a-las-familias-atendidas-en-vallecas\/","og_locale":"en_US","og_type":"article","og_title":"M\u00e1s Casa presenta los resultados de su investigaci\u00f3n a las familias atendidas en Vallecas - Mas Casa Verde M\u00e1s Casa presenta los resultados de su investigaci\u00f3n junto a familias en Vallecas","og_description":"M\u00e1s Casa inicia sus jornadas de presentaci\u00f3n de resultados en Vallecas, compartiendo con las familias de Casa Verde los avances de su investigaci\u00f3n en un emotivo encuentro lleno de agradecimientos y comunidad.","og_url":"https:\/\/mascasaverde.org\/index.php\/2025\/05\/09\/mas-casa-presenta-los-resultados-de-su-investigacion-a-las-familias-atendidas-en-vallecas\/","og_site_name":"Mas Casa Verde","article_published_time":"2025-05-09T11:59:14+00:00","article_modified_time":"2025-06-23T18:50:27+00:00","og_image":[{"width":1920,"height":676,"url":"https:\/\/mascasaverde.org\/wp-content\/uploads\/2025\/05\/mas-casa-resultados-familias-vallecas-salud-mental-infancia.jpg","type":"image\/jpeg"}],"author":"M\u00e1s Casa","twitter_card":"summary_large_image","twitter_misc":{"Written by":"M\u00e1s Casa","Est. reading time":"2 minutes"},"schema":{"@context":"https:\/\/schema.org","@graph":[{"@type":"WebPage","@id":"https:\/\/mascasaverde.org\/index.php\/2025\/05\/09\/mas-casa-presenta-los-resultados-de-su-investigacion-a-las-familias-atendidas-en-vallecas\/","url":"https:\/\/mascasaverde.org\/index.php\/2025\/05\/09\/mas-casa-presenta-los-resultados-de-su-investigacion-a-las-familias-atendidas-en-vallecas\/","name":"M\u00e1s Casa presenta los resultados de su investigaci\u00f3n a las familias atendidas en Vallecas - Mas Casa Verde M\u00e1s Casa presenta los resultados de su investigaci\u00f3n junto a familias en Vallecas","isPartOf":{"@id":"https:\/\/mascasaverde.org\/#website"},"datePublished":"2025-05-09T11:59:14+00:00","dateModified":"2025-06-23T18:50:27+00:00","author":{"@id":"https:\/\/mascasaverde.org\/#\/schema\/person\/3a2c5d2514d17262754e77c4f4ac4172"},"description":"M\u00e1s Casa inicia sus jornadas de presentaci\u00f3n de resultados en Vallecas, compartiendo con las familias de Casa Verde los avances de su investigaci\u00f3n en un emotivo encuentro lleno de agradecimientos y comunidad.","breadcrumb":{"@id":"https:\/\/mascasaverde.org\/index.php\/2025\/05\/09\/mas-casa-presenta-los-resultados-de-su-investigacion-a-las-familias-atendidas-en-vallecas\/#breadcrumb"},"inLanguage":"en-US","potentialAction":[{"@type":"ReadAction","target":["https:\/\/mascasaverde.org\/index.php\/2025\/05\/09\/mas-casa-presenta-los-resultados-de-su-investigacion-a-las-familias-atendidas-en-vallecas\/"]}]},{"@type":"BreadcrumbList","@id":"https:\/\/mascasaverde.org\/index.php\/2025\/05\/09\/mas-casa-presenta-los-resultados-de-su-investigacion-a-las-familias-atendidas-en-vallecas\/#breadcrumb","itemListElement":[{"@type":"ListItem","position":1,"name":"Portada","item":"https:\/\/mascasaverde.org\/"},{"@type":"ListItem","position":2,"name":"M\u00e1s Casa presenta los resultados de su investigaci\u00f3n a las familias atendidas en Vallecas"}]},{"@type":"WebSite","@id":"https:\/\/mascasaverde.org\/#website","url":"https:\/\/mascasaverde.org\/","name":"Mas Casa Verde","description":"Un proyecto de Fundaci\u00f3n Manantial","potentialAction":[{"@type":"SearchAction","target":{"@type":"EntryPoint","urlTemplate":"https:\/\/mascasaverde.org\/?s={search_term_string}"},"query-input":"required name=search_term_string"}],"inLanguage":"en-US"},{"@type":"Person","@id":"https:\/\/mascasaverde.org\/#\/schema\/person\/3a2c5d2514d17262754e77c4f4ac4172","name":"M\u00e1s Casa","sameAs":["http:\/\/ideahotel.es"],"url":"https:\/\/mascasaverde.org\/index.php\/author\/ideahotel-ext\/"}]}},"_links":{"self":[{"href":"https:\/\/mascasaverde.org\/index.php\/wp-json\/wp\/v2\/posts\/308","targetHints":{"allow":["GET"]}}],"collection":[{"href":"https:\/\/mascasaverde.org\/index.php\/wp-json\/wp\/v2\/posts"}],"about":[{"href":"https:\/\/mascasaverde.org\/index.php\/wp-json\/wp\/v2\/types\/post"}],"author":[{"embeddable":true,"href":"https:\/\/mascasaverde.org\/index.php\/wp-json\/wp\/v2\/users\/3"}],"replies":[{"embeddable":true,"href":"https:\/\/mascasaverde.org\/index.php\/wp-json\/wp\/v2\/comments?post=308"}],"version-history":[{"count":2,"href":"https:\/\/mascasaverde.org\/index.php\/wp-json\/wp\/v2\/posts\/308\/revisions"}],"predecessor-version":[{"id":374,"href":"https:\/\/mascasaverde.org\/index.php\/wp-json\/wp\/v2\/posts\/308\/revisions\/374"}],"wp:featuredmedia":[{"embeddable":true,"href":"https:\/\/mascasaverde.org\/index.php\/wp-json\/wp\/v2\/media\/309"}],"wp:attachment":[{"href":"https:\/\/mascasaverde.org\/index.php\/wp-json\/wp\/v2\/media?parent=308"}],"wp:term":[{"taxonomy":"category","embeddable":true,"href":"https:\/\/mascasaverde.org\/index.php\/wp-json\/wp\/v2\/categories?post=308"},{"taxonomy":"post_tag","embeddable":true,"href":"https:\/\/mascasaverde.org\/index.php\/wp-json\/wp\/v2\/tags?post=308"}],"curies":[{"name":"wp","href":"https:\/\/api.w.org\/{rel}","templated":true}]}}