{"id":304,"date":"2025-04-08T08:17:51","date_gmt":"2025-04-08T08:17:51","guid":{"rendered":"https:\/\/mascasaverde.org\/?p=304"},"modified":"2025-06-23T18:51:14","modified_gmt":"2025-06-23T18:51:14","slug":"cuento-despedir-casa-verde-infancia-salud-mental","status":"publish","type":"post","link":"https:\/\/mascasaverde.org\/index.php\/2025\/04\/08\/cuento-despedir-casa-verde-infancia-salud-mental\/","title":{"rendered":"V\u00eddeo: Un cuento para despedir Casa Verde"},"content":{"rendered":"<p>Compartimos un cuento que hemos realizado para <strong>trabajar la p\u00e9rdida en ni\u00f1os y ni\u00f1as peque\u00f1os<\/strong>, dot\u00e1ndoles de <strong>herramientas para simbolizar la despedida<\/strong>. Hacerse mayor tambi\u00e9n quiere decir cambiar de espacio, as\u00ed como poder plantear que uno puede estar triste y que esa tristeza se pasa para poder seguir creciendo y conocer cosas nuevas. Para pasar a lo nuevo, a veces, hay que abandonar lo antiguo. \ud83d\udc9a Nuestro mayor agradecimiento a la familia <strong>Vallesp\u00edn Rodr\u00edguez<\/strong> por sus ilustraciones y el cari\u00f1o que han puesto en este cuento. \ud83d\udc9a Locutado y actuado por <strong>Tommy Agudo y Cristina D\u00edez<\/strong>. https:\/\/youtu.be\/wO-7rVjkHWc<\/p>\r\n<p class=\"p1\"><strong>Sobre Casa Verde<\/strong><\/p>\r\n<p class=\"p1\">Casa Verde es un programa de atenci\u00f3n <b>dirigido a madres y padres o mujeres embarazadas con problemas de salud mental o inestabilidad emocional y a sus hijos e hijas entre 0 y 5 a\u00f1os<\/b>, que pretende prevenir posibles alteraciones emocionales y\/o en el desarrollo de los ni\u00f1os.\u00a0Se basa en un conjunto de\u00a0<b>actuaciones e intervenciones profesionales<\/b>\u00a0dirigidas a reducir factores de riesgo, desarrollar v\u00ednculos saludables y atender los problemas emocionales y de salud mental de los adultos, as\u00ed como a estimular el desarrollo de los ni\u00f1os y ni\u00f1as.<\/p>\r\n<p class=\"p1\">Nuestra intervenci\u00f3n produce los apoyos y cambios necesarios para que los padres y madres en las situaciones de riesgo descritas puedan ejercer su maternidad y paternidad en condiciones de igualdad con el resto de la poblaci\u00f3n.\u00a0Casa Verde ha contribuido durante sus 11 a\u00f1os de funcionamiento a <strong>garantizar el derecho de los ni\u00f1os y las ni\u00f1as a crecer en un ambiente de seguridad y cuidado<\/strong>.<\/p>\r\n<p><strong>Sobre el Proyecto M\u00e1s Casa<\/strong><\/p>\r\n<p><strong>&#8220;M\u00e1s Casa\u201d<\/strong> es un proyecto piloto para la sistematizacio\u0301n y medicio\u0301n de la metodologi\u0301a \u201cCasa Verde\u201d, un programa de atenci\u00f3n que pusimos en marcha hace 14 a\u00f1os dirigido a madres y padres o mujeres embarazadas con problemas de salud mental o inestabilidad emocional y a sus hijos e hijas entre 0 y 5 a\u00f1os, que pretende prevenir posibles alteraciones emocionales y\/o en el desarrollo de los ni\u00f1os.<!-- \/wp:post-content -->\r\n\r\n<!-- wp:paragraph --><\/p>\r\n<p>Este proyecto piloto de innovaci\u00f3n social ha sido subvencionado por la\u00a0<a href=\"https:\/\/www.comunidad.madrid\/centros\/consejeria-familia-juventud-asuntos-sociales\" target=\"_blank\" rel=\"noreferrer noopener\">Consejer\u00eda de Familia, Juventud y Asuntos Sociales<\/a>\u00a0de la Comunidad de Madrid y cofinanciado por el <a href=\"https:\/\/planderecuperacion.gob.es\/\" target=\"_blank\" rel=\"noreferrer noopener\">Plan de Recuperaci\u00f3n, Transformaci\u00f3n y\u00a0Resiliencia<\/a>, financiado por la Uni\u00f3n Europea \u2013 <a href=\"https:\/\/next-generation-eu.europa.eu\/index_es\" target=\"_blank\" rel=\"noreferrer noopener\">NextGenerationEU<\/a>.<\/p>","protected":false},"excerpt":{"rendered":"<p>Compartimos un cuento que hemos realizado para trabajar la p\u00e9rdida en ni\u00f1os y ni\u00f1as peque\u00f1os, dot\u00e1ndoles de herramientas para simbolizar la despedida. Hacerse mayor tambi\u00e9n quiere decir cambiar de espacio, as\u00ed como poder plantear que uno puede estar triste y que esa tristeza se pasa para poder seguir creciendo y conocer cosas nuevas. Para pasar [&hellip;]<\/p>\n","protected":false},"author":3,"featured_media":305,"comment_status":"closed","ping_status":"closed","sticky":false,"template":"","format":"standard","meta":{"_et_pb_use_builder":"","_et_pb_old_content":"","_et_gb_content_width":"","footnotes":""},"categories":[1],"tags":[26,22,94,6,35,87,40,4],"class_list":["post-304","post","type-post","status-publish","format-standard","has-post-thumbnail","hentry","category-sin-categoria","tag-casa-verde","tag-fundacion-manantial","tag-hijos","tag-infancia","tag-mas-casa","tag-ninos","tag-prevencion","tag-salud-mental"],"yoast_head":"<!-- This site is optimized with the Yoast SEO plugin v20.6 - https:\/\/yoast.com\/wordpress\/plugins\/seo\/ -->\n<title>V\u00eddeo: Un cuento para despedir Casa Verde - Mas Casa Verde<\/title>\n<meta name=\"robots\" content=\"index, follow, max-snippet:-1, max-image-preview:large, max-video-preview:-1\" \/>\n<link rel=\"canonical\" href=\"https:\/\/mascasaverde.org\/index.php\/2025\/04\/08\/cuento-despedir-casa-verde-infancia-salud-mental\/\" \/>\n<meta property=\"og:locale\" content=\"en_US\" \/>\n<meta property=\"og:type\" content=\"article\" \/>\n<meta property=\"og:title\" content=\"V\u00eddeo: Un cuento para despedir Casa Verde - Mas Casa Verde\" \/>\n<meta property=\"og:description\" content=\"Compartimos un cuento que hemos realizado para trabajar la p\u00e9rdida en ni\u00f1os y ni\u00f1as peque\u00f1os, dot\u00e1ndoles de herramientas para simbolizar la despedida. Hacerse mayor tambi\u00e9n quiere decir cambiar de espacio, as\u00ed como poder plantear que uno puede estar triste y que esa tristeza se pasa para poder seguir creciendo y conocer cosas nuevas. Para pasar [&hellip;]\" \/>\n<meta property=\"og:url\" content=\"https:\/\/mascasaverde.org\/index.php\/2025\/04\/08\/cuento-despedir-casa-verde-infancia-salud-mental\/\" \/>\n<meta property=\"og:site_name\" content=\"Mas Casa Verde\" \/>\n<meta property=\"article:published_time\" content=\"2025-04-08T08:17:51+00:00\" \/>\n<meta property=\"article:modified_time\" content=\"2025-06-23T18:51:14+00:00\" \/>\n<meta property=\"og:image\" content=\"https:\/\/mascasaverde.org\/wp-content\/uploads\/2025\/04\/mas-casa-cuento-casa-verde-fundacion-manantial-despedida-salud-mental-infancia-prevencion.jpg\" \/>\n\t<meta property=\"og:image:width\" content=\"1920\" \/>\n\t<meta property=\"og:image:height\" content=\"676\" \/>\n\t<meta property=\"og:image:type\" content=\"image\/jpeg\" \/>\n<meta name=\"author\" content=\"M\u00e1s Casa\" \/>\n<meta name=\"twitter:card\" content=\"summary_large_image\" \/>\n<meta name=\"twitter:label1\" content=\"Written by\" \/>\n\t<meta name=\"twitter:data1\" content=\"M\u00e1s Casa\" \/>\n\t<meta name=\"twitter:label2\" content=\"Est. reading time\" \/>\n\t<meta name=\"twitter:data2\" content=\"2 minutes\" \/>\n<script type=\"application\/ld+json\" class=\"yoast-schema-graph\">{\"@context\":\"https:\/\/schema.org\",\"@graph\":[{\"@type\":\"WebPage\",\"@id\":\"https:\/\/mascasaverde.org\/index.php\/2025\/04\/08\/cuento-despedir-casa-verde-infancia-salud-mental\/\",\"url\":\"https:\/\/mascasaverde.org\/index.php\/2025\/04\/08\/cuento-despedir-casa-verde-infancia-salud-mental\/\",\"name\":\"V\u00eddeo: Un cuento para despedir Casa Verde - Mas Casa Verde\",\"isPartOf\":{\"@id\":\"https:\/\/mascasaverde.org\/#website\"},\"datePublished\":\"2025-04-08T08:17:51+00:00\",\"dateModified\":\"2025-06-23T18:51:14+00:00\",\"author\":{\"@id\":\"https:\/\/mascasaverde.org\/#\/schema\/person\/3a2c5d2514d17262754e77c4f4ac4172\"},\"breadcrumb\":{\"@id\":\"https:\/\/mascasaverde.org\/index.php\/2025\/04\/08\/cuento-despedir-casa-verde-infancia-salud-mental\/#breadcrumb\"},\"inLanguage\":\"en-US\",\"potentialAction\":[{\"@type\":\"ReadAction\",\"target\":[\"https:\/\/mascasaverde.org\/index.php\/2025\/04\/08\/cuento-despedir-casa-verde-infancia-salud-mental\/\"]}]},{\"@type\":\"BreadcrumbList\",\"@id\":\"https:\/\/mascasaverde.org\/index.php\/2025\/04\/08\/cuento-despedir-casa-verde-infancia-salud-mental\/#breadcrumb\",\"itemListElement\":[{\"@type\":\"ListItem\",\"position\":1,\"name\":\"Portada\",\"item\":\"https:\/\/mascasaverde.org\/\"},{\"@type\":\"ListItem\",\"position\":2,\"name\":\"V\u00eddeo: Un cuento para despedir Casa Verde\"}]},{\"@type\":\"WebSite\",\"@id\":\"https:\/\/mascasaverde.org\/#website\",\"url\":\"https:\/\/mascasaverde.org\/\",\"name\":\"Mas Casa Verde\",\"description\":\"Un proyecto de Fundaci\u00f3n Manantial\",\"potentialAction\":[{\"@type\":\"SearchAction\",\"target\":{\"@type\":\"EntryPoint\",\"urlTemplate\":\"https:\/\/mascasaverde.org\/?s={search_term_string}\"},\"query-input\":\"required name=search_term_string\"}],\"inLanguage\":\"en-US\"},{\"@type\":\"Person\",\"@id\":\"https:\/\/mascasaverde.org\/#\/schema\/person\/3a2c5d2514d17262754e77c4f4ac4172\",\"name\":\"M\u00e1s Casa\",\"sameAs\":[\"http:\/\/ideahotel.es\"],\"url\":\"https:\/\/mascasaverde.org\/index.php\/author\/ideahotel-ext\/\"}]}<\/script>\n<!-- \/ Yoast SEO plugin. -->","yoast_head_json":{"title":"V\u00eddeo: Un cuento para despedir Casa Verde - Mas Casa Verde","robots":{"index":"index","follow":"follow","max-snippet":"max-snippet:-1","max-image-preview":"max-image-preview:large","max-video-preview":"max-video-preview:-1"},"canonical":"https:\/\/mascasaverde.org\/index.php\/2025\/04\/08\/cuento-despedir-casa-verde-infancia-salud-mental\/","og_locale":"en_US","og_type":"article","og_title":"V\u00eddeo: Un cuento para despedir Casa Verde - Mas Casa Verde","og_description":"Compartimos un cuento que hemos realizado para trabajar la p\u00e9rdida en ni\u00f1os y ni\u00f1as peque\u00f1os, dot\u00e1ndoles de herramientas para simbolizar la despedida. Hacerse mayor tambi\u00e9n quiere decir cambiar de espacio, as\u00ed como poder plantear que uno puede estar triste y que esa tristeza se pasa para poder seguir creciendo y conocer cosas nuevas. Para pasar [&hellip;]","og_url":"https:\/\/mascasaverde.org\/index.php\/2025\/04\/08\/cuento-despedir-casa-verde-infancia-salud-mental\/","og_site_name":"Mas Casa Verde","article_published_time":"2025-04-08T08:17:51+00:00","article_modified_time":"2025-06-23T18:51:14+00:00","og_image":[{"width":1920,"height":676,"url":"https:\/\/mascasaverde.org\/wp-content\/uploads\/2025\/04\/mas-casa-cuento-casa-verde-fundacion-manantial-despedida-salud-mental-infancia-prevencion.jpg","type":"image\/jpeg"}],"author":"M\u00e1s Casa","twitter_card":"summary_large_image","twitter_misc":{"Written by":"M\u00e1s Casa","Est. reading time":"2 minutes"},"schema":{"@context":"https:\/\/schema.org","@graph":[{"@type":"WebPage","@id":"https:\/\/mascasaverde.org\/index.php\/2025\/04\/08\/cuento-despedir-casa-verde-infancia-salud-mental\/","url":"https:\/\/mascasaverde.org\/index.php\/2025\/04\/08\/cuento-despedir-casa-verde-infancia-salud-mental\/","name":"V\u00eddeo: Un cuento para despedir Casa Verde - Mas Casa Verde","isPartOf":{"@id":"https:\/\/mascasaverde.org\/#website"},"datePublished":"2025-04-08T08:17:51+00:00","dateModified":"2025-06-23T18:51:14+00:00","author":{"@id":"https:\/\/mascasaverde.org\/#\/schema\/person\/3a2c5d2514d17262754e77c4f4ac4172"},"breadcrumb":{"@id":"https:\/\/mascasaverde.org\/index.php\/2025\/04\/08\/cuento-despedir-casa-verde-infancia-salud-mental\/#breadcrumb"},"inLanguage":"en-US","potentialAction":[{"@type":"ReadAction","target":["https:\/\/mascasaverde.org\/index.php\/2025\/04\/08\/cuento-despedir-casa-verde-infancia-salud-mental\/"]}]},{"@type":"BreadcrumbList","@id":"https:\/\/mascasaverde.org\/index.php\/2025\/04\/08\/cuento-despedir-casa-verde-infancia-salud-mental\/#breadcrumb","itemListElement":[{"@type":"ListItem","position":1,"name":"Portada","item":"https:\/\/mascasaverde.org\/"},{"@type":"ListItem","position":2,"name":"V\u00eddeo: Un cuento para despedir Casa Verde"}]},{"@type":"WebSite","@id":"https:\/\/mascasaverde.org\/#website","url":"https:\/\/mascasaverde.org\/","name":"Mas Casa Verde","description":"Un proyecto de Fundaci\u00f3n Manantial","potentialAction":[{"@type":"SearchAction","target":{"@type":"EntryPoint","urlTemplate":"https:\/\/mascasaverde.org\/?s={search_term_string}"},"query-input":"required name=search_term_string"}],"inLanguage":"en-US"},{"@type":"Person","@id":"https:\/\/mascasaverde.org\/#\/schema\/person\/3a2c5d2514d17262754e77c4f4ac4172","name":"M\u00e1s Casa","sameAs":["http:\/\/ideahotel.es"],"url":"https:\/\/mascasaverde.org\/index.php\/author\/ideahotel-ext\/"}]}},"_links":{"self":[{"href":"https:\/\/mascasaverde.org\/index.php\/wp-json\/wp\/v2\/posts\/304","targetHints":{"allow":["GET"]}}],"collection":[{"href":"https:\/\/mascasaverde.org\/index.php\/wp-json\/wp\/v2\/posts"}],"about":[{"href":"https:\/\/mascasaverde.org\/index.php\/wp-json\/wp\/v2\/types\/post"}],"author":[{"embeddable":true,"href":"https:\/\/mascasaverde.org\/index.php\/wp-json\/wp\/v2\/users\/3"}],"replies":[{"embeddable":true,"href":"https:\/\/mascasaverde.org\/index.php\/wp-json\/wp\/v2\/comments?post=304"}],"version-history":[{"count":3,"href":"https:\/\/mascasaverde.org\/index.php\/wp-json\/wp\/v2\/posts\/304\/revisions"}],"predecessor-version":[{"id":376,"href":"https:\/\/mascasaverde.org\/index.php\/wp-json\/wp\/v2\/posts\/304\/revisions\/376"}],"wp:featuredmedia":[{"embeddable":true,"href":"https:\/\/mascasaverde.org\/index.php\/wp-json\/wp\/v2\/media\/305"}],"wp:attachment":[{"href":"https:\/\/mascasaverde.org\/index.php\/wp-json\/wp\/v2\/media?parent=304"}],"wp:term":[{"taxonomy":"category","embeddable":true,"href":"https:\/\/mascasaverde.org\/index.php\/wp-json\/wp\/v2\/categories?post=304"},{"taxonomy":"post_tag","embeddable":true,"href":"https:\/\/mascasaverde.org\/index.php\/wp-json\/wp\/v2\/tags?post=304"}],"curies":[{"name":"wp","href":"https:\/\/api.w.org\/{rel}","templated":true}]}}