{"id":298,"date":"2025-03-27T08:14:42","date_gmt":"2025-03-27T08:14:42","guid":{"rendered":"https:\/\/mascasaverde.org\/?p=298"},"modified":"2025-06-23T18:51:25","modified_gmt":"2025-06-23T18:51:25","slug":"impacto-experiencia-proyecto-mas-casa-madres-prevencion-infancia-salud-mental","status":"publish","type":"post","link":"https:\/\/mascasaverde.org\/index.php\/2025\/03\/27\/impacto-experiencia-proyecto-mas-casa-madres-prevencion-infancia-salud-mental\/","title":{"rendered":"El impacto de M\u00e1s Casa, en palabras de las mam\u00e1s atendidas en el proyecto"},"content":{"rendered":"\ud83c\udfe1En estos meses, estamos analizando los datos recogidos durante la intervenci\u00f3n en M\u00e1s Casa y extrayendo resultados para evaluar su eficacia.\u2705\r\n\r\nHasta la publicaci\u00f3n de los resultados, queremos poner voz a esta investigaci\u00f3n m\u00e1s all\u00e1 de las pruebas de los cuestionarios de evaluaci\u00f3n que hemos pasado.\r\n\r\n\ud83d\udc69\u200d\ud83d\udc67Las mam\u00e1s atendidas en el proyecto nos cuentan lo que ha supuesto la experiencia\ud83d\udde3\ufe0f\r\n<p style=\"font-weight: 400;\"><em>\u201cAntes vine siendo una con mi hija, ahora nos vamos siendo dos personas diferentes\u201d.<\/em><\/p>\r\n<p style=\"font-weight: 400;\"><em>&#8220;Al llegar mi hijo y yo mir\u00e1bamos cada uno para un lado, ahora, miramos los dos en la misma direcci\u00f3n\u201d.<\/em><\/p>\r\n<p style=\"font-weight: 400;\"><em> \u201cCuando llegamos aqu\u00ed vemos a los hijos, pero no los sentimos\u2026ahora todo ha cambiado\u201d.<\/em><\/p>\r\n<strong>Sobre el Proyecto M\u00e1s Casa<\/strong>\r\n\r\n<strong>&#8220;M\u00e1s Casa\u201d<\/strong> es un proyecto piloto para la sistematizacio\u0301n y medicio\u0301n de la metodologi\u0301a \u201cCasa Verde\u201d, un programa de atenci\u00f3n que pusimos en marcha hace 14 a\u00f1os dirigido a madres y padres o mujeres embarazadas con problemas de salud mental o inestabilidad emocional y a sus hijos e hijas entre 0 y 5 a\u00f1os, que pretende prevenir posibles alteraciones emocionales y\/o en el desarrollo de los ni\u00f1os.<!-- \/wp:post-content --> <!-- wp:paragraph -->\r\n\r\nEste proyecto piloto de innovaci\u00f3n social ha sido subvencionado por la\u00a0<a href=\"https:\/\/www.comunidad.madrid\/centros\/consejeria-familia-juventud-asuntos-sociales\" target=\"_blank\" rel=\"noreferrer noopener\">Consejer\u00eda de Familia, Juventud y Asuntos Sociales<\/a>\u00a0de la Comunidad de Madrid y cofinanciado por el <a href=\"https:\/\/planderecuperacion.gob.es\/\" target=\"_blank\" rel=\"noreferrer noopener\">Plan de Recuperaci\u00f3n, Transformaci\u00f3n y\u00a0Resiliencia<\/a>, financiado por la Uni\u00f3n Europea \u2013 <a href=\"https:\/\/next-generation-eu.europa.eu\/index_es\" target=\"_blank\" rel=\"noreferrer noopener\">NextGenerationEU<\/a>.","protected":false},"excerpt":{"rendered":"<p>\ud83c\udfe1En estos meses, estamos analizando los datos recogidos durante la intervenci\u00f3n en M\u00e1s Casa y extrayendo resultados para evaluar su eficacia.\u2705 Hasta la publicaci\u00f3n de los resultados, queremos poner voz a esta investigaci\u00f3n m\u00e1s all\u00e1 de las pruebas de los cuestionarios de evaluaci\u00f3n que hemos pasado. \ud83d\udc69\u200d\ud83d\udc67Las mam\u00e1s atendidas en el proyecto nos cuentan lo [&hellip;]<\/p>\n","protected":false},"author":3,"featured_media":300,"comment_status":"closed","ping_status":"closed","sticky":false,"template":"","format":"standard","meta":{"_et_pb_use_builder":"","_et_pb_old_content":"","_et_gb_content_width":"","footnotes":""},"categories":[1],"tags":[26,44,22,6,41,93,5,31,87,92,40],"class_list":["post-298","post","type-post","status-publish","format-standard","has-post-thumbnail","hentry","category-sin-categoria","tag-casa-verde","tag-fondos-nextgenerationeu","tag-fundacion-manantial","tag-infancia","tag-innovacion-social","tag-mas-casa-verde","tag-maternidad","tag-nextgeneration","tag-ninos","tag-paternidad","tag-prevencion"],"yoast_head":"<!-- This site is optimized with the Yoast SEO plugin v20.6 - https:\/\/yoast.com\/wordpress\/plugins\/seo\/ -->\n<title>El impacto de M\u00e1s Casa, en palabras de las mam\u00e1s atendidas en el proyecto - Mas Casa Verde<\/title>\n<meta name=\"robots\" content=\"index, follow, max-snippet:-1, max-image-preview:large, max-video-preview:-1\" \/>\n<link rel=\"canonical\" href=\"https:\/\/mascasaverde.org\/index.php\/2025\/03\/27\/impacto-experiencia-proyecto-mas-casa-madres-prevencion-infancia-salud-mental\/\" \/>\n<meta property=\"og:locale\" content=\"en_US\" \/>\n<meta property=\"og:type\" content=\"article\" \/>\n<meta property=\"og:title\" content=\"El impacto de M\u00e1s Casa, en palabras de las mam\u00e1s atendidas en el proyecto - Mas Casa Verde\" \/>\n<meta property=\"og:description\" content=\"\ud83c\udfe1En estos meses, estamos analizando los datos recogidos durante la intervenci\u00f3n en M\u00e1s Casa y extrayendo resultados para evaluar su eficacia.\u2705 Hasta la publicaci\u00f3n de los resultados, queremos poner voz a esta investigaci\u00f3n m\u00e1s all\u00e1 de las pruebas de los cuestionarios de evaluaci\u00f3n que hemos pasado. \ud83d\udc69\u200d\ud83d\udc67Las mam\u00e1s atendidas en el proyecto nos cuentan lo [&hellip;]\" \/>\n<meta property=\"og:url\" content=\"https:\/\/mascasaverde.org\/index.php\/2025\/03\/27\/impacto-experiencia-proyecto-mas-casa-madres-prevencion-infancia-salud-mental\/\" \/>\n<meta property=\"og:site_name\" content=\"Mas Casa Verde\" \/>\n<meta property=\"article:published_time\" content=\"2025-03-27T08:14:42+00:00\" \/>\n<meta property=\"article:modified_time\" content=\"2025-06-23T18:51:25+00:00\" \/>\n<meta property=\"og:image\" content=\"https:\/\/mascasaverde.org\/wp-content\/uploads\/2025\/03\/mas-casa-frases-madres-salud-mental-infancia-fundacion-manantial.jpg\" \/>\n\t<meta property=\"og:image:width\" content=\"1920\" \/>\n\t<meta property=\"og:image:height\" content=\"676\" \/>\n\t<meta property=\"og:image:type\" content=\"image\/jpeg\" \/>\n<meta name=\"author\" content=\"M\u00e1s Casa\" \/>\n<meta name=\"twitter:card\" content=\"summary_large_image\" \/>\n<meta name=\"twitter:label1\" content=\"Written by\" \/>\n\t<meta name=\"twitter:data1\" content=\"M\u00e1s Casa\" \/>\n\t<meta name=\"twitter:label2\" content=\"Est. reading time\" \/>\n\t<meta name=\"twitter:data2\" content=\"2 minutes\" \/>\n<script type=\"application\/ld+json\" class=\"yoast-schema-graph\">{\"@context\":\"https:\/\/schema.org\",\"@graph\":[{\"@type\":\"WebPage\",\"@id\":\"https:\/\/mascasaverde.org\/index.php\/2025\/03\/27\/impacto-experiencia-proyecto-mas-casa-madres-prevencion-infancia-salud-mental\/\",\"url\":\"https:\/\/mascasaverde.org\/index.php\/2025\/03\/27\/impacto-experiencia-proyecto-mas-casa-madres-prevencion-infancia-salud-mental\/\",\"name\":\"El impacto de M\u00e1s Casa, en palabras de las mam\u00e1s atendidas en el proyecto - Mas Casa Verde\",\"isPartOf\":{\"@id\":\"https:\/\/mascasaverde.org\/#website\"},\"datePublished\":\"2025-03-27T08:14:42+00:00\",\"dateModified\":\"2025-06-23T18:51:25+00:00\",\"author\":{\"@id\":\"https:\/\/mascasaverde.org\/#\/schema\/person\/3a2c5d2514d17262754e77c4f4ac4172\"},\"breadcrumb\":{\"@id\":\"https:\/\/mascasaverde.org\/index.php\/2025\/03\/27\/impacto-experiencia-proyecto-mas-casa-madres-prevencion-infancia-salud-mental\/#breadcrumb\"},\"inLanguage\":\"en-US\",\"potentialAction\":[{\"@type\":\"ReadAction\",\"target\":[\"https:\/\/mascasaverde.org\/index.php\/2025\/03\/27\/impacto-experiencia-proyecto-mas-casa-madres-prevencion-infancia-salud-mental\/\"]}]},{\"@type\":\"BreadcrumbList\",\"@id\":\"https:\/\/mascasaverde.org\/index.php\/2025\/03\/27\/impacto-experiencia-proyecto-mas-casa-madres-prevencion-infancia-salud-mental\/#breadcrumb\",\"itemListElement\":[{\"@type\":\"ListItem\",\"position\":1,\"name\":\"Portada\",\"item\":\"https:\/\/mascasaverde.org\/\"},{\"@type\":\"ListItem\",\"position\":2,\"name\":\"El impacto de M\u00e1s Casa, en palabras de las mam\u00e1s atendidas en el proyecto\"}]},{\"@type\":\"WebSite\",\"@id\":\"https:\/\/mascasaverde.org\/#website\",\"url\":\"https:\/\/mascasaverde.org\/\",\"name\":\"Mas Casa Verde\",\"description\":\"Un proyecto de Fundaci\u00f3n Manantial\",\"potentialAction\":[{\"@type\":\"SearchAction\",\"target\":{\"@type\":\"EntryPoint\",\"urlTemplate\":\"https:\/\/mascasaverde.org\/?s={search_term_string}\"},\"query-input\":\"required name=search_term_string\"}],\"inLanguage\":\"en-US\"},{\"@type\":\"Person\",\"@id\":\"https:\/\/mascasaverde.org\/#\/schema\/person\/3a2c5d2514d17262754e77c4f4ac4172\",\"name\":\"M\u00e1s Casa\",\"sameAs\":[\"http:\/\/ideahotel.es\"],\"url\":\"https:\/\/mascasaverde.org\/index.php\/author\/ideahotel-ext\/\"}]}<\/script>\n<!-- \/ Yoast SEO plugin. -->","yoast_head_json":{"title":"El impacto de M\u00e1s Casa, en palabras de las mam\u00e1s atendidas en el proyecto - Mas Casa Verde","robots":{"index":"index","follow":"follow","max-snippet":"max-snippet:-1","max-image-preview":"max-image-preview:large","max-video-preview":"max-video-preview:-1"},"canonical":"https:\/\/mascasaverde.org\/index.php\/2025\/03\/27\/impacto-experiencia-proyecto-mas-casa-madres-prevencion-infancia-salud-mental\/","og_locale":"en_US","og_type":"article","og_title":"El impacto de M\u00e1s Casa, en palabras de las mam\u00e1s atendidas en el proyecto - Mas Casa Verde","og_description":"\ud83c\udfe1En estos meses, estamos analizando los datos recogidos durante la intervenci\u00f3n en M\u00e1s Casa y extrayendo resultados para evaluar su eficacia.\u2705 Hasta la publicaci\u00f3n de los resultados, queremos poner voz a esta investigaci\u00f3n m\u00e1s all\u00e1 de las pruebas de los cuestionarios de evaluaci\u00f3n que hemos pasado. \ud83d\udc69\u200d\ud83d\udc67Las mam\u00e1s atendidas en el proyecto nos cuentan lo [&hellip;]","og_url":"https:\/\/mascasaverde.org\/index.php\/2025\/03\/27\/impacto-experiencia-proyecto-mas-casa-madres-prevencion-infancia-salud-mental\/","og_site_name":"Mas Casa Verde","article_published_time":"2025-03-27T08:14:42+00:00","article_modified_time":"2025-06-23T18:51:25+00:00","og_image":[{"width":1920,"height":676,"url":"https:\/\/mascasaverde.org\/wp-content\/uploads\/2025\/03\/mas-casa-frases-madres-salud-mental-infancia-fundacion-manantial.jpg","type":"image\/jpeg"}],"author":"M\u00e1s Casa","twitter_card":"summary_large_image","twitter_misc":{"Written by":"M\u00e1s Casa","Est. reading time":"2 minutes"},"schema":{"@context":"https:\/\/schema.org","@graph":[{"@type":"WebPage","@id":"https:\/\/mascasaverde.org\/index.php\/2025\/03\/27\/impacto-experiencia-proyecto-mas-casa-madres-prevencion-infancia-salud-mental\/","url":"https:\/\/mascasaverde.org\/index.php\/2025\/03\/27\/impacto-experiencia-proyecto-mas-casa-madres-prevencion-infancia-salud-mental\/","name":"El impacto de M\u00e1s Casa, en palabras de las mam\u00e1s atendidas en el proyecto - Mas Casa Verde","isPartOf":{"@id":"https:\/\/mascasaverde.org\/#website"},"datePublished":"2025-03-27T08:14:42+00:00","dateModified":"2025-06-23T18:51:25+00:00","author":{"@id":"https:\/\/mascasaverde.org\/#\/schema\/person\/3a2c5d2514d17262754e77c4f4ac4172"},"breadcrumb":{"@id":"https:\/\/mascasaverde.org\/index.php\/2025\/03\/27\/impacto-experiencia-proyecto-mas-casa-madres-prevencion-infancia-salud-mental\/#breadcrumb"},"inLanguage":"en-US","potentialAction":[{"@type":"ReadAction","target":["https:\/\/mascasaverde.org\/index.php\/2025\/03\/27\/impacto-experiencia-proyecto-mas-casa-madres-prevencion-infancia-salud-mental\/"]}]},{"@type":"BreadcrumbList","@id":"https:\/\/mascasaverde.org\/index.php\/2025\/03\/27\/impacto-experiencia-proyecto-mas-casa-madres-prevencion-infancia-salud-mental\/#breadcrumb","itemListElement":[{"@type":"ListItem","position":1,"name":"Portada","item":"https:\/\/mascasaverde.org\/"},{"@type":"ListItem","position":2,"name":"El impacto de M\u00e1s Casa, en palabras de las mam\u00e1s atendidas en el proyecto"}]},{"@type":"WebSite","@id":"https:\/\/mascasaverde.org\/#website","url":"https:\/\/mascasaverde.org\/","name":"Mas Casa Verde","description":"Un proyecto de Fundaci\u00f3n Manantial","potentialAction":[{"@type":"SearchAction","target":{"@type":"EntryPoint","urlTemplate":"https:\/\/mascasaverde.org\/?s={search_term_string}"},"query-input":"required name=search_term_string"}],"inLanguage":"en-US"},{"@type":"Person","@id":"https:\/\/mascasaverde.org\/#\/schema\/person\/3a2c5d2514d17262754e77c4f4ac4172","name":"M\u00e1s Casa","sameAs":["http:\/\/ideahotel.es"],"url":"https:\/\/mascasaverde.org\/index.php\/author\/ideahotel-ext\/"}]}},"_links":{"self":[{"href":"https:\/\/mascasaverde.org\/index.php\/wp-json\/wp\/v2\/posts\/298","targetHints":{"allow":["GET"]}}],"collection":[{"href":"https:\/\/mascasaverde.org\/index.php\/wp-json\/wp\/v2\/posts"}],"about":[{"href":"https:\/\/mascasaverde.org\/index.php\/wp-json\/wp\/v2\/types\/post"}],"author":[{"embeddable":true,"href":"https:\/\/mascasaverde.org\/index.php\/wp-json\/wp\/v2\/users\/3"}],"replies":[{"embeddable":true,"href":"https:\/\/mascasaverde.org\/index.php\/wp-json\/wp\/v2\/comments?post=298"}],"version-history":[{"count":4,"href":"https:\/\/mascasaverde.org\/index.php\/wp-json\/wp\/v2\/posts\/298\/revisions"}],"predecessor-version":[{"id":377,"href":"https:\/\/mascasaverde.org\/index.php\/wp-json\/wp\/v2\/posts\/298\/revisions\/377"}],"wp:featuredmedia":[{"embeddable":true,"href":"https:\/\/mascasaverde.org\/index.php\/wp-json\/wp\/v2\/media\/300"}],"wp:attachment":[{"href":"https:\/\/mascasaverde.org\/index.php\/wp-json\/wp\/v2\/media?parent=298"}],"wp:term":[{"taxonomy":"category","embeddable":true,"href":"https:\/\/mascasaverde.org\/index.php\/wp-json\/wp\/v2\/categories?post=298"},{"taxonomy":"post_tag","embeddable":true,"href":"https:\/\/mascasaverde.org\/index.php\/wp-json\/wp\/v2\/tags?post=298"}],"curies":[{"name":"wp","href":"https:\/\/api.w.org\/{rel}","templated":true}]}}