{"id":261,"date":"2024-10-16T09:42:56","date_gmt":"2024-10-16T09:42:56","guid":{"rendered":"https:\/\/mascasaverde.org\/?p=261"},"modified":"2024-10-16T09:42:56","modified_gmt":"2024-10-16T09:42:56","slug":"mas-casa-en-las-i-jornadas-internacionales-y-ii-jornadas-nacionales-de-salud-mental-perinatal","status":"publish","type":"post","link":"https:\/\/mascasaverde.org\/index.php\/2024\/10\/16\/mas-casa-en-las-i-jornadas-internacionales-y-ii-jornadas-nacionales-de-salud-mental-perinatal\/","title":{"rendered":"M\u00e1s Casa en las I Jornadas Internacionales y II Jornadas Nacionales de Salud Mental Perinatal"},"content":{"rendered":"<p>El equipo de Casa Verde (M\u00e1s Casa Vallecas) tuvo el honor de participar en las <strong>I Jornadas Internacionales y II Jornadas Nacionales de Salud Mental Perinatal<\/strong> organizadas por el <strong>Hospital R\u00edo Hortega<\/strong>, un evento clave en el \u00e1mbito de la salud mental durante el embarazo y los primeros a\u00f1os de vida de los ni\u00f1os y ni\u00f1as.<\/p>\n<p>Nuestras compa\u00f1eras <strong>Teresa Vallesp\u00edn<\/strong> y <strong>Raquel del Amo<\/strong> fueron las encargadas de presentar el proyecto, compartiendo con las personas asistentes el enfoque y las herramientas que Casa Verde ofrece para acompa\u00f1ar a las familias en este periodo tan crucial. A lo largo de su presentaci\u00f3n, profundizaron en la importancia de los <strong>primeros a\u00f1os de vida de los ni\u00f1os<\/strong>, un aspecto fundamental para garantizar su bienestar emocional y desarrollo psicosocial.<\/p>\n<p>Queremos agradecer especialmente al <strong>Hospital R\u00edo Hortega<\/strong> por la invitaci\u00f3n a participar en estas jornadas, que nos brindaron una valiosa oportunidad para intercambiar conocimientos y experiencias con otros profesionales comprometidos con el cuidado de la salud mental perinatal.<\/p>\n<p>Seguimos trabajando por la infancia y las familias de Vallecas, y nos sentimos orgullosos de haber podido contribuir con nuestra experiencia en este evento.<\/p>\n<p><strong>Sobre el Proyecto M\u00e1s Casa<\/strong><\/p>\n<p>\u201cM\u00e1s Casa\u201d es un proyecto piloto para la sistematizaci\u00f3n y medici\u00f3n de la metodolog\u00eda Casa Verde. Este programa, que iniciamos hace 12 a\u00f1os, est\u00e1 dirigido a madres, padres y mujeres embarazadas con problemas de salud mental o inestabilidad emocional, as\u00ed como a sus hijos e hijas de entre 0 y 5 a\u00f1os. Nuestro objetivo es prevenir posibles alteraciones emocionales y\/o en el desarrollo de los ni\u00f1os, ofreciendo un entorno seguro y de apoyo.<\/p>\n<p>El proyecto est\u00e1 financiado por los\u00a0<a href=\"https:\/\/next-generation-eu.europa.eu\/index_es\" target=\"_blank\" rel=\"noopener\">fondos NextGenerationEU de la Uni\u00f3n Europea<\/a>\u00a0a trav\u00e9s del\u00a0<a href=\"https:\/\/planderecuperacion.gob.es\/\" target=\"_blank\" rel=\"noopener\">Plan de Transformaci\u00f3n, Recuperaci\u00f3n y Resiliencia del Gobierno de Espa\u00f1a<\/a>, a trav\u00e9s de la convocatoria de proyectos piloto de innovaci\u00f3n social de la\u00a0<a href=\"https:\/\/www.comunidad.madrid\/transparencia\/unidad-organizativa-responsable\/consejeria-familia-juventud-y-asuntos-sociales\" target=\"_blank\" rel=\"noopener\">Consejer\u00eda de Juventud, Familia y Asuntos Sociales<\/a>\u00a0de la Comunidad de Madrid.<\/p>\n","protected":false},"excerpt":{"rendered":"<p>El equipo de Casa Verde (M\u00e1s Casa Vallecas) tuvo el honor de participar en las I Jornadas Internacionales y II Jornadas Nacionales de Salud Mental Perinatal organizadas por el Hospital R\u00edo Hortega, un evento clave en el \u00e1mbito de la salud mental durante el embarazo y los primeros a\u00f1os de vida de los ni\u00f1os y [&hellip;]<\/p>\n","protected":false},"author":3,"featured_media":264,"comment_status":"closed","ping_status":"closed","sticky":false,"template":"","format":"standard","meta":{"_et_pb_use_builder":"","_et_pb_old_content":"","_et_gb_content_width":"","footnotes":""},"categories":[1],"tags":[26,48,10,44,22,6,5,40,4],"class_list":["post-261","post","type-post","status-publish","format-standard","has-post-thumbnail","hentry","category-sin-categoria","tag-casa-verde","tag-comunidad-de-madrid","tag-familia","tag-fondos-nextgenerationeu","tag-fundacion-manantial","tag-infancia","tag-maternidad","tag-prevencion","tag-salud-mental"],"yoast_head":"<!-- This site is optimized with the Yoast SEO plugin v20.6 - https:\/\/yoast.com\/wordpress\/plugins\/seo\/ -->\n<title>M\u00e1s Casa en las I Jornadas Internacionales y II Jornadas Nacionales de Salud Mental Perinatal - Mas Casa Verde<\/title>\n<meta name=\"robots\" content=\"index, follow, max-snippet:-1, max-image-preview:large, max-video-preview:-1\" \/>\n<link rel=\"canonical\" href=\"https:\/\/mascasaverde.org\/index.php\/2024\/10\/16\/mas-casa-en-las-i-jornadas-internacionales-y-ii-jornadas-nacionales-de-salud-mental-perinatal\/\" \/>\n<meta property=\"og:locale\" content=\"en_US\" \/>\n<meta property=\"og:type\" content=\"article\" \/>\n<meta property=\"og:title\" content=\"M\u00e1s Casa en las I Jornadas Internacionales y II Jornadas Nacionales de Salud Mental Perinatal - Mas Casa Verde\" \/>\n<meta property=\"og:description\" content=\"El equipo de Casa Verde (M\u00e1s Casa Vallecas) tuvo el honor de participar en las I Jornadas Internacionales y II Jornadas Nacionales de Salud Mental Perinatal organizadas por el Hospital R\u00edo Hortega, un evento clave en el \u00e1mbito de la salud mental durante el embarazo y los primeros a\u00f1os de vida de los ni\u00f1os y [&hellip;]\" \/>\n<meta property=\"og:url\" content=\"https:\/\/mascasaverde.org\/index.php\/2024\/10\/16\/mas-casa-en-las-i-jornadas-internacionales-y-ii-jornadas-nacionales-de-salud-mental-perinatal\/\" \/>\n<meta property=\"og:site_name\" content=\"Mas Casa Verde\" \/>\n<meta property=\"article:published_time\" content=\"2024-10-16T09:42:56+00:00\" \/>\n<meta property=\"og:image\" content=\"https:\/\/mascasaverde.org\/wp-content\/uploads\/2024\/10\/mas-casa-jornada-perinatal-salud-mental-infancia.jpg\" \/>\n\t<meta property=\"og:image:width\" content=\"1920\" \/>\n\t<meta property=\"og:image:height\" content=\"676\" \/>\n\t<meta property=\"og:image:type\" content=\"image\/jpeg\" \/>\n<meta name=\"author\" content=\"M\u00e1s Casa\" \/>\n<meta name=\"twitter:card\" content=\"summary_large_image\" \/>\n<meta name=\"twitter:label1\" content=\"Written by\" \/>\n\t<meta name=\"twitter:data1\" content=\"M\u00e1s Casa\" \/>\n\t<meta name=\"twitter:label2\" content=\"Est. reading time\" \/>\n\t<meta name=\"twitter:data2\" content=\"2 minutes\" \/>\n<script type=\"application\/ld+json\" class=\"yoast-schema-graph\">{\"@context\":\"https:\/\/schema.org\",\"@graph\":[{\"@type\":\"WebPage\",\"@id\":\"https:\/\/mascasaverde.org\/index.php\/2024\/10\/16\/mas-casa-en-las-i-jornadas-internacionales-y-ii-jornadas-nacionales-de-salud-mental-perinatal\/\",\"url\":\"https:\/\/mascasaverde.org\/index.php\/2024\/10\/16\/mas-casa-en-las-i-jornadas-internacionales-y-ii-jornadas-nacionales-de-salud-mental-perinatal\/\",\"name\":\"M\u00e1s Casa en las I Jornadas Internacionales y II Jornadas Nacionales de Salud Mental Perinatal - Mas Casa Verde\",\"isPartOf\":{\"@id\":\"https:\/\/mascasaverde.org\/#website\"},\"datePublished\":\"2024-10-16T09:42:56+00:00\",\"dateModified\":\"2024-10-16T09:42:56+00:00\",\"author\":{\"@id\":\"https:\/\/mascasaverde.org\/#\/schema\/person\/3a2c5d2514d17262754e77c4f4ac4172\"},\"breadcrumb\":{\"@id\":\"https:\/\/mascasaverde.org\/index.php\/2024\/10\/16\/mas-casa-en-las-i-jornadas-internacionales-y-ii-jornadas-nacionales-de-salud-mental-perinatal\/#breadcrumb\"},\"inLanguage\":\"en-US\",\"potentialAction\":[{\"@type\":\"ReadAction\",\"target\":[\"https:\/\/mascasaverde.org\/index.php\/2024\/10\/16\/mas-casa-en-las-i-jornadas-internacionales-y-ii-jornadas-nacionales-de-salud-mental-perinatal\/\"]}]},{\"@type\":\"BreadcrumbList\",\"@id\":\"https:\/\/mascasaverde.org\/index.php\/2024\/10\/16\/mas-casa-en-las-i-jornadas-internacionales-y-ii-jornadas-nacionales-de-salud-mental-perinatal\/#breadcrumb\",\"itemListElement\":[{\"@type\":\"ListItem\",\"position\":1,\"name\":\"Portada\",\"item\":\"https:\/\/mascasaverde.org\/\"},{\"@type\":\"ListItem\",\"position\":2,\"name\":\"M\u00e1s Casa en las I Jornadas Internacionales y II Jornadas Nacionales de Salud Mental Perinatal\"}]},{\"@type\":\"WebSite\",\"@id\":\"https:\/\/mascasaverde.org\/#website\",\"url\":\"https:\/\/mascasaverde.org\/\",\"name\":\"Mas Casa Verde\",\"description\":\"Un proyecto de Fundaci\u00f3n Manantial\",\"potentialAction\":[{\"@type\":\"SearchAction\",\"target\":{\"@type\":\"EntryPoint\",\"urlTemplate\":\"https:\/\/mascasaverde.org\/?s={search_term_string}\"},\"query-input\":\"required name=search_term_string\"}],\"inLanguage\":\"en-US\"},{\"@type\":\"Person\",\"@id\":\"https:\/\/mascasaverde.org\/#\/schema\/person\/3a2c5d2514d17262754e77c4f4ac4172\",\"name\":\"M\u00e1s Casa\",\"sameAs\":[\"http:\/\/ideahotel.es\"],\"url\":\"https:\/\/mascasaverde.org\/index.php\/author\/ideahotel-ext\/\"}]}<\/script>\n<!-- \/ Yoast SEO plugin. -->","yoast_head_json":{"title":"M\u00e1s Casa en las I Jornadas Internacionales y II Jornadas Nacionales de Salud Mental Perinatal - Mas Casa Verde","robots":{"index":"index","follow":"follow","max-snippet":"max-snippet:-1","max-image-preview":"max-image-preview:large","max-video-preview":"max-video-preview:-1"},"canonical":"https:\/\/mascasaverde.org\/index.php\/2024\/10\/16\/mas-casa-en-las-i-jornadas-internacionales-y-ii-jornadas-nacionales-de-salud-mental-perinatal\/","og_locale":"en_US","og_type":"article","og_title":"M\u00e1s Casa en las I Jornadas Internacionales y II Jornadas Nacionales de Salud Mental Perinatal - Mas Casa Verde","og_description":"El equipo de Casa Verde (M\u00e1s Casa Vallecas) tuvo el honor de participar en las I Jornadas Internacionales y II Jornadas Nacionales de Salud Mental Perinatal organizadas por el Hospital R\u00edo Hortega, un evento clave en el \u00e1mbito de la salud mental durante el embarazo y los primeros a\u00f1os de vida de los ni\u00f1os y [&hellip;]","og_url":"https:\/\/mascasaverde.org\/index.php\/2024\/10\/16\/mas-casa-en-las-i-jornadas-internacionales-y-ii-jornadas-nacionales-de-salud-mental-perinatal\/","og_site_name":"Mas Casa Verde","article_published_time":"2024-10-16T09:42:56+00:00","og_image":[{"width":1920,"height":676,"url":"https:\/\/mascasaverde.org\/wp-content\/uploads\/2024\/10\/mas-casa-jornada-perinatal-salud-mental-infancia.jpg","type":"image\/jpeg"}],"author":"M\u00e1s Casa","twitter_card":"summary_large_image","twitter_misc":{"Written by":"M\u00e1s Casa","Est. reading time":"2 minutes"},"schema":{"@context":"https:\/\/schema.org","@graph":[{"@type":"WebPage","@id":"https:\/\/mascasaverde.org\/index.php\/2024\/10\/16\/mas-casa-en-las-i-jornadas-internacionales-y-ii-jornadas-nacionales-de-salud-mental-perinatal\/","url":"https:\/\/mascasaverde.org\/index.php\/2024\/10\/16\/mas-casa-en-las-i-jornadas-internacionales-y-ii-jornadas-nacionales-de-salud-mental-perinatal\/","name":"M\u00e1s Casa en las I Jornadas Internacionales y II Jornadas Nacionales de Salud Mental Perinatal - Mas Casa Verde","isPartOf":{"@id":"https:\/\/mascasaverde.org\/#website"},"datePublished":"2024-10-16T09:42:56+00:00","dateModified":"2024-10-16T09:42:56+00:00","author":{"@id":"https:\/\/mascasaverde.org\/#\/schema\/person\/3a2c5d2514d17262754e77c4f4ac4172"},"breadcrumb":{"@id":"https:\/\/mascasaverde.org\/index.php\/2024\/10\/16\/mas-casa-en-las-i-jornadas-internacionales-y-ii-jornadas-nacionales-de-salud-mental-perinatal\/#breadcrumb"},"inLanguage":"en-US","potentialAction":[{"@type":"ReadAction","target":["https:\/\/mascasaverde.org\/index.php\/2024\/10\/16\/mas-casa-en-las-i-jornadas-internacionales-y-ii-jornadas-nacionales-de-salud-mental-perinatal\/"]}]},{"@type":"BreadcrumbList","@id":"https:\/\/mascasaverde.org\/index.php\/2024\/10\/16\/mas-casa-en-las-i-jornadas-internacionales-y-ii-jornadas-nacionales-de-salud-mental-perinatal\/#breadcrumb","itemListElement":[{"@type":"ListItem","position":1,"name":"Portada","item":"https:\/\/mascasaverde.org\/"},{"@type":"ListItem","position":2,"name":"M\u00e1s Casa en las I Jornadas Internacionales y II Jornadas Nacionales de Salud Mental Perinatal"}]},{"@type":"WebSite","@id":"https:\/\/mascasaverde.org\/#website","url":"https:\/\/mascasaverde.org\/","name":"Mas Casa Verde","description":"Un proyecto de Fundaci\u00f3n Manantial","potentialAction":[{"@type":"SearchAction","target":{"@type":"EntryPoint","urlTemplate":"https:\/\/mascasaverde.org\/?s={search_term_string}"},"query-input":"required name=search_term_string"}],"inLanguage":"en-US"},{"@type":"Person","@id":"https:\/\/mascasaverde.org\/#\/schema\/person\/3a2c5d2514d17262754e77c4f4ac4172","name":"M\u00e1s Casa","sameAs":["http:\/\/ideahotel.es"],"url":"https:\/\/mascasaverde.org\/index.php\/author\/ideahotel-ext\/"}]}},"_links":{"self":[{"href":"https:\/\/mascasaverde.org\/index.php\/wp-json\/wp\/v2\/posts\/261","targetHints":{"allow":["GET"]}}],"collection":[{"href":"https:\/\/mascasaverde.org\/index.php\/wp-json\/wp\/v2\/posts"}],"about":[{"href":"https:\/\/mascasaverde.org\/index.php\/wp-json\/wp\/v2\/types\/post"}],"author":[{"embeddable":true,"href":"https:\/\/mascasaverde.org\/index.php\/wp-json\/wp\/v2\/users\/3"}],"replies":[{"embeddable":true,"href":"https:\/\/mascasaverde.org\/index.php\/wp-json\/wp\/v2\/comments?post=261"}],"version-history":[{"count":2,"href":"https:\/\/mascasaverde.org\/index.php\/wp-json\/wp\/v2\/posts\/261\/revisions"}],"predecessor-version":[{"id":263,"href":"https:\/\/mascasaverde.org\/index.php\/wp-json\/wp\/v2\/posts\/261\/revisions\/263"}],"wp:featuredmedia":[{"embeddable":true,"href":"https:\/\/mascasaverde.org\/index.php\/wp-json\/wp\/v2\/media\/264"}],"wp:attachment":[{"href":"https:\/\/mascasaverde.org\/index.php\/wp-json\/wp\/v2\/media?parent=261"}],"wp:term":[{"taxonomy":"category","embeddable":true,"href":"https:\/\/mascasaverde.org\/index.php\/wp-json\/wp\/v2\/categories?post=261"},{"taxonomy":"post_tag","embeddable":true,"href":"https:\/\/mascasaverde.org\/index.php\/wp-json\/wp\/v2\/tags?post=261"}],"curies":[{"name":"wp","href":"https:\/\/api.w.org\/{rel}","templated":true}]}}