{"id":246,"date":"2024-08-23T07:28:41","date_gmt":"2024-08-23T07:28:41","guid":{"rendered":"https:\/\/mascasaverde.org\/?p=246"},"modified":"2024-08-23T07:29:55","modified_gmt":"2024-08-23T07:29:55","slug":"espacios-disfrutar-familia-verano-mas-casa","status":"publish","type":"post","link":"https:\/\/mascasaverde.org\/index.php\/2024\/08\/23\/espacios-disfrutar-familia-verano-mas-casa\/","title":{"rendered":"Espacios para disfrutar en familia en verano"},"content":{"rendered":"<p>Este mes, en el proyecto M\u00e1s Casa hemos aprovechado al m\u00e1ximo los recursos que nos ofrece la comunidad para brindar a las familias un espacio donde puedan disfrutar y compartir como ni\u00f1os y ni\u00f1as. A trav\u00e9s de diversas actividades y opciones, logramos que cada miembro de la familia participe en un ambiente de juego y diversi\u00f3n.<\/p>\n<p>Hemos ofrecido distintos espacios de disfrute familiar, desde parques hasta \u00e1reas recreativas donde el agua y los juegos se combinan para crear la f\u00f3rmula perfecta de diversi\u00f3n. Con estas iniciativas, no solo fomentamos la convivencia familiar, sino tambi\u00e9n el aprovechamiento de los recursos comunitarios para crear experiencias inolvidables.<\/p>\n<div>Agua, chuches y parque, combinaci\u00f3n perfecta para que nuestras familias puedan disfrutar y jugar como ni\u00f1os y ni\u00f1as.<\/div>\n<div><\/div>\n<p><strong>Sobre el Proyecto M\u00e1s Casa<\/strong><\/p>\n<p>\u201cM\u00e1s Casa\u201d es un proyecto piloto para la sistematizaci\u00f3n y medici\u00f3n de la metodolog\u00eda Casa Verde. Este programa, que iniciamos hace 12 a\u00f1os, est\u00e1 dirigido a madres, padres y mujeres embarazadas con problemas de salud mental o inestabilidad emocional, as\u00ed como a sus hijos e hijas de entre 0 y 5 a\u00f1os. Nuestro objetivo es prevenir posibles alteraciones emocionales y\/o en el desarrollo de los ni\u00f1os, ofreciendo un entorno seguro y de apoyo.<\/p>\n<p>El proyecto est\u00e1 financiado por los <a href=\"https:\/\/next-generation-eu.europa.eu\/index_es\" target=\"_blank\" rel=\"noopener\">fondos NextGenerationEU de la Uni\u00f3n Europea<\/a>\u00a0a trav\u00e9s del\u00a0<a href=\"https:\/\/planderecuperacion.gob.es\/\" target=\"_blank\" rel=\"noopener\">Plan de Transformaci\u00f3n, Recuperaci\u00f3n y Resiliencia del Gobierno de Espa\u00f1a<\/a>, a trav\u00e9s de la convocatoria de proyectos piloto de innovaci\u00f3n social de la\u00a0<a href=\"https:\/\/www.comunidad.madrid\/transparencia\/unidad-organizativa-responsable\/consejeria-familia-juventud-y-asuntos-sociales\" target=\"_blank\" rel=\"noopener\">Consejer\u00eda de Juventud, Familia y Asuntos Sociales<\/a>\u00a0de la Comunidad de Madrid.<\/p>\n<p><strong>Conclusi\u00f3n<\/strong><\/p>\n<p>Este verano en M\u00e1s Casa ha sido una \u00e9poca llena de descubrimientos y experiencias enriquecedoras. Desde la exposici\u00f3n de Pixar hasta las actividades en el Jard\u00edn Bot\u00e1nico y las sesiones de cuentacuentos, hemos creado recuerdos inolvidables junto a nuestras familias. Seguiremos trabajando para ofrecer m\u00e1s actividades y apoyo a nuestra comunidad. \u00a1Disfrutad del verano!<\/p>\n<p>Para m\u00e1s informaci\u00f3n sobre nuestro proyecto y actividades, visita nuestra web y s\u00edguenos en redes sociales.<\/p>\n","protected":false},"excerpt":{"rendered":"<p>Este mes, en el proyecto M\u00e1s Casa hemos aprovechado al m\u00e1ximo los recursos que nos ofrece la comunidad para brindar a las familias un espacio donde puedan disfrutar y compartir como ni\u00f1os y ni\u00f1as. A trav\u00e9s de diversas actividades y opciones, logramos que cada miembro de la familia participe en un ambiente de juego y [&hellip;]<\/p>\n","protected":false},"author":3,"featured_media":247,"comment_status":"closed","ping_status":"closed","sticky":false,"template":"","format":"standard","meta":{"_et_pb_use_builder":"","_et_pb_old_content":"","_et_gb_content_width":"","footnotes":""},"categories":[1],"tags":[75,48,10,73,22,6,35,5,74,71,72,40,30,9],"class_list":["post-246","post","type-post","status-publish","format-standard","has-post-thumbnail","hentry","category-sin-categoria","tag-agenda-2030","tag-comunidad-de-madrid","tag-familia","tag-fondos-europeos","tag-fundacion-manantial","tag-infancia","tag-mas-casa","tag-maternidad","tag-ministerio-de-derechos-sociales","tag-nextgenerationue","tag-plan-de-recuperacion","tag-prevencion","tag-saludmental","tag-verano"],"yoast_head":"<!-- This site is optimized with the Yoast SEO plugin v20.6 - https:\/\/yoast.com\/wordpress\/plugins\/seo\/ -->\n<title>Espacios para disfrutar en familia en verano - Mas Casa Verde<\/title>\n<meta name=\"robots\" content=\"index, follow, max-snippet:-1, max-image-preview:large, max-video-preview:-1\" \/>\n<link rel=\"canonical\" href=\"https:\/\/mascasaverde.org\/index.php\/2024\/08\/23\/espacios-disfrutar-familia-verano-mas-casa\/\" \/>\n<meta property=\"og:locale\" content=\"en_US\" \/>\n<meta property=\"og:type\" content=\"article\" \/>\n<meta property=\"og:title\" content=\"Espacios para disfrutar en familia en verano - Mas Casa Verde\" \/>\n<meta property=\"og:description\" content=\"Este mes, en el proyecto M\u00e1s Casa hemos aprovechado al m\u00e1ximo los recursos que nos ofrece la comunidad para brindar a las familias un espacio donde puedan disfrutar y compartir como ni\u00f1os y ni\u00f1as. A trav\u00e9s de diversas actividades y opciones, logramos que cada miembro de la familia participe en un ambiente de juego y [&hellip;]\" \/>\n<meta property=\"og:url\" content=\"https:\/\/mascasaverde.org\/index.php\/2024\/08\/23\/espacios-disfrutar-familia-verano-mas-casa\/\" \/>\n<meta property=\"og:site_name\" content=\"Mas Casa Verde\" \/>\n<meta property=\"article:published_time\" content=\"2024-08-23T07:28:41+00:00\" \/>\n<meta property=\"article:modified_time\" content=\"2024-08-23T07:29:55+00:00\" \/>\n<meta property=\"og:image\" content=\"https:\/\/mascasaverde.org\/wp-content\/uploads\/2024\/08\/mas-casa-espacios-disfrutar-familia-verano.jpg\" \/>\n\t<meta property=\"og:image:width\" content=\"1600\" \/>\n\t<meta property=\"og:image:height\" content=\"900\" \/>\n\t<meta property=\"og:image:type\" content=\"image\/jpeg\" \/>\n<meta name=\"author\" content=\"M\u00e1s Casa\" \/>\n<meta name=\"twitter:card\" content=\"summary_large_image\" \/>\n<meta name=\"twitter:label1\" content=\"Written by\" \/>\n\t<meta name=\"twitter:data1\" content=\"M\u00e1s Casa\" \/>\n\t<meta name=\"twitter:label2\" content=\"Est. reading time\" \/>\n\t<meta name=\"twitter:data2\" content=\"2 minutes\" \/>\n<script type=\"application\/ld+json\" class=\"yoast-schema-graph\">{\"@context\":\"https:\/\/schema.org\",\"@graph\":[{\"@type\":\"WebPage\",\"@id\":\"https:\/\/mascasaverde.org\/index.php\/2024\/08\/23\/espacios-disfrutar-familia-verano-mas-casa\/\",\"url\":\"https:\/\/mascasaverde.org\/index.php\/2024\/08\/23\/espacios-disfrutar-familia-verano-mas-casa\/\",\"name\":\"Espacios para disfrutar en familia en verano - Mas Casa Verde\",\"isPartOf\":{\"@id\":\"https:\/\/mascasaverde.org\/#website\"},\"datePublished\":\"2024-08-23T07:28:41+00:00\",\"dateModified\":\"2024-08-23T07:29:55+00:00\",\"author\":{\"@id\":\"https:\/\/mascasaverde.org\/#\/schema\/person\/3a2c5d2514d17262754e77c4f4ac4172\"},\"breadcrumb\":{\"@id\":\"https:\/\/mascasaverde.org\/index.php\/2024\/08\/23\/espacios-disfrutar-familia-verano-mas-casa\/#breadcrumb\"},\"inLanguage\":\"en-US\",\"potentialAction\":[{\"@type\":\"ReadAction\",\"target\":[\"https:\/\/mascasaverde.org\/index.php\/2024\/08\/23\/espacios-disfrutar-familia-verano-mas-casa\/\"]}]},{\"@type\":\"BreadcrumbList\",\"@id\":\"https:\/\/mascasaverde.org\/index.php\/2024\/08\/23\/espacios-disfrutar-familia-verano-mas-casa\/#breadcrumb\",\"itemListElement\":[{\"@type\":\"ListItem\",\"position\":1,\"name\":\"Portada\",\"item\":\"https:\/\/mascasaverde.org\/\"},{\"@type\":\"ListItem\",\"position\":2,\"name\":\"Espacios para disfrutar en familia en verano\"}]},{\"@type\":\"WebSite\",\"@id\":\"https:\/\/mascasaverde.org\/#website\",\"url\":\"https:\/\/mascasaverde.org\/\",\"name\":\"Mas Casa Verde\",\"description\":\"Un proyecto de Fundaci\u00f3n Manantial\",\"potentialAction\":[{\"@type\":\"SearchAction\",\"target\":{\"@type\":\"EntryPoint\",\"urlTemplate\":\"https:\/\/mascasaverde.org\/?s={search_term_string}\"},\"query-input\":\"required name=search_term_string\"}],\"inLanguage\":\"en-US\"},{\"@type\":\"Person\",\"@id\":\"https:\/\/mascasaverde.org\/#\/schema\/person\/3a2c5d2514d17262754e77c4f4ac4172\",\"name\":\"M\u00e1s Casa\",\"sameAs\":[\"http:\/\/ideahotel.es\"],\"url\":\"https:\/\/mascasaverde.org\/index.php\/author\/ideahotel-ext\/\"}]}<\/script>\n<!-- \/ Yoast SEO plugin. -->","yoast_head_json":{"title":"Espacios para disfrutar en familia en verano - Mas Casa Verde","robots":{"index":"index","follow":"follow","max-snippet":"max-snippet:-1","max-image-preview":"max-image-preview:large","max-video-preview":"max-video-preview:-1"},"canonical":"https:\/\/mascasaverde.org\/index.php\/2024\/08\/23\/espacios-disfrutar-familia-verano-mas-casa\/","og_locale":"en_US","og_type":"article","og_title":"Espacios para disfrutar en familia en verano - Mas Casa Verde","og_description":"Este mes, en el proyecto M\u00e1s Casa hemos aprovechado al m\u00e1ximo los recursos que nos ofrece la comunidad para brindar a las familias un espacio donde puedan disfrutar y compartir como ni\u00f1os y ni\u00f1as. A trav\u00e9s de diversas actividades y opciones, logramos que cada miembro de la familia participe en un ambiente de juego y [&hellip;]","og_url":"https:\/\/mascasaverde.org\/index.php\/2024\/08\/23\/espacios-disfrutar-familia-verano-mas-casa\/","og_site_name":"Mas Casa Verde","article_published_time":"2024-08-23T07:28:41+00:00","article_modified_time":"2024-08-23T07:29:55+00:00","og_image":[{"width":1600,"height":900,"url":"https:\/\/mascasaverde.org\/wp-content\/uploads\/2024\/08\/mas-casa-espacios-disfrutar-familia-verano.jpg","type":"image\/jpeg"}],"author":"M\u00e1s Casa","twitter_card":"summary_large_image","twitter_misc":{"Written by":"M\u00e1s Casa","Est. reading time":"2 minutes"},"schema":{"@context":"https:\/\/schema.org","@graph":[{"@type":"WebPage","@id":"https:\/\/mascasaverde.org\/index.php\/2024\/08\/23\/espacios-disfrutar-familia-verano-mas-casa\/","url":"https:\/\/mascasaverde.org\/index.php\/2024\/08\/23\/espacios-disfrutar-familia-verano-mas-casa\/","name":"Espacios para disfrutar en familia en verano - Mas Casa Verde","isPartOf":{"@id":"https:\/\/mascasaverde.org\/#website"},"datePublished":"2024-08-23T07:28:41+00:00","dateModified":"2024-08-23T07:29:55+00:00","author":{"@id":"https:\/\/mascasaverde.org\/#\/schema\/person\/3a2c5d2514d17262754e77c4f4ac4172"},"breadcrumb":{"@id":"https:\/\/mascasaverde.org\/index.php\/2024\/08\/23\/espacios-disfrutar-familia-verano-mas-casa\/#breadcrumb"},"inLanguage":"en-US","potentialAction":[{"@type":"ReadAction","target":["https:\/\/mascasaverde.org\/index.php\/2024\/08\/23\/espacios-disfrutar-familia-verano-mas-casa\/"]}]},{"@type":"BreadcrumbList","@id":"https:\/\/mascasaverde.org\/index.php\/2024\/08\/23\/espacios-disfrutar-familia-verano-mas-casa\/#breadcrumb","itemListElement":[{"@type":"ListItem","position":1,"name":"Portada","item":"https:\/\/mascasaverde.org\/"},{"@type":"ListItem","position":2,"name":"Espacios para disfrutar en familia en verano"}]},{"@type":"WebSite","@id":"https:\/\/mascasaverde.org\/#website","url":"https:\/\/mascasaverde.org\/","name":"Mas Casa Verde","description":"Un proyecto de Fundaci\u00f3n Manantial","potentialAction":[{"@type":"SearchAction","target":{"@type":"EntryPoint","urlTemplate":"https:\/\/mascasaverde.org\/?s={search_term_string}"},"query-input":"required name=search_term_string"}],"inLanguage":"en-US"},{"@type":"Person","@id":"https:\/\/mascasaverde.org\/#\/schema\/person\/3a2c5d2514d17262754e77c4f4ac4172","name":"M\u00e1s Casa","sameAs":["http:\/\/ideahotel.es"],"url":"https:\/\/mascasaverde.org\/index.php\/author\/ideahotel-ext\/"}]}},"_links":{"self":[{"href":"https:\/\/mascasaverde.org\/index.php\/wp-json\/wp\/v2\/posts\/246","targetHints":{"allow":["GET"]}}],"collection":[{"href":"https:\/\/mascasaverde.org\/index.php\/wp-json\/wp\/v2\/posts"}],"about":[{"href":"https:\/\/mascasaverde.org\/index.php\/wp-json\/wp\/v2\/types\/post"}],"author":[{"embeddable":true,"href":"https:\/\/mascasaverde.org\/index.php\/wp-json\/wp\/v2\/users\/3"}],"replies":[{"embeddable":true,"href":"https:\/\/mascasaverde.org\/index.php\/wp-json\/wp\/v2\/comments?post=246"}],"version-history":[{"count":3,"href":"https:\/\/mascasaverde.org\/index.php\/wp-json\/wp\/v2\/posts\/246\/revisions"}],"predecessor-version":[{"id":250,"href":"https:\/\/mascasaverde.org\/index.php\/wp-json\/wp\/v2\/posts\/246\/revisions\/250"}],"wp:featuredmedia":[{"embeddable":true,"href":"https:\/\/mascasaverde.org\/index.php\/wp-json\/wp\/v2\/media\/247"}],"wp:attachment":[{"href":"https:\/\/mascasaverde.org\/index.php\/wp-json\/wp\/v2\/media?parent=246"}],"wp:term":[{"taxonomy":"category","embeddable":true,"href":"https:\/\/mascasaverde.org\/index.php\/wp-json\/wp\/v2\/categories?post=246"},{"taxonomy":"post_tag","embeddable":true,"href":"https:\/\/mascasaverde.org\/index.php\/wp-json\/wp\/v2\/tags?post=246"}],"curies":[{"name":"wp","href":"https:\/\/api.w.org\/{rel}","templated":true}]}}