{"id":231,"date":"2024-07-12T09:52:40","date_gmt":"2024-07-12T09:52:40","guid":{"rendered":"https:\/\/mascasaverde.org\/?p=231"},"modified":"2024-08-12T10:01:47","modified_gmt":"2024-08-12T10:01:47","slug":"caminamos-contigo-memoria-fundacion-manantial-2023","status":"publish","type":"post","link":"https:\/\/mascasaverde.org\/index.php\/2024\/07\/12\/caminamos-contigo-memoria-fundacion-manantial-2023\/","title":{"rendered":"Caminamos contigo: nuestros logros en 2023"},"content":{"rendered":"<p>El 2023 ha sido un a\u00f1o en el que hemos\u00a0<strong>atendido a m\u00e1s de 3.000 personas<\/strong>\u00a0en nuestros\u00a0<a href=\"https:\/\/www.fundacionmanantial.org\/servicios-de-salud-mental\/atencion-social-en-salud-mental\/\" target=\"_blank\" rel=\"noreferrer noopener\">centros<\/a>, programas y servicios; con un\u00a0<strong>equipo de 658 profesionales<\/strong>; 5<strong>00 personas han accedido al mercado de\u00a0<a href=\"https:\/\/www.fundacionmanantial.org\/servicios-de-salud-mental\/empleo-y-salud-mental\/\" target=\"_blank\" rel=\"noreferrer noopener\">trabajo<\/a><\/strong>;\u00a0<strong>212 personas han decidido c\u00f3mo quieren vivir\u00a0<\/strong>a trav\u00e9s de nuestro\u00a0<a href=\"https:\/\/www.fundacionmanantial.org\/servicios-de-salud-mental\/apoyo-en-salud-mental\/\" target=\"_blank\" rel=\"noreferrer noopener\">Servicio de Apoyo<\/a>; nuestro trabajo en la\u00a0<strong><a href=\"https:\/\/www.fundacionmanantial.org\/servicios-de-salud-mental\/ambito-penitenciario\/\" target=\"_blank\" rel=\"noreferrer noopener\">reinserci\u00f3n social<\/a>\u00a0desde el \u00e1mbito penitenciario<\/strong>\u00a0ha logrado un\u00a0<strong>99% de no reincidenci<\/strong>a;\u00a0<strong>144 ni\u00f1os, ni\u00f1as y familias<\/strong>\u00a0han sido atendidas en nuestro programa\u00a0<a href=\"https:\/\/mascasaverde.org\/\" target=\"_blank\" rel=\"noreferrer noopener\">Casa Verde<\/a>; da comienzo el proyecto piloto <a href=\"http:\/\/mascasaverde.org\" target=\"_blank\" rel=\"noopener\">M\u00e1s Casa<\/a> para la Sistematizaci\u00f3n y Medici\u00f3n de la Metodolog\u00eda Casa Verde; hemos intervenido con m\u00e1s de <strong>150 adolescentes en el\u00a0<a href=\"https:\/\/www.fundacionmanantial.org\/impulsando-nuestro-proyecto\/jovenes-y-salud-mental\/\" target=\"_blank\" rel=\"noreferrer noopener\">\u00e1mbito educativo<\/a><\/strong>\u00a0para concienciar sobre la importancia de cuidar la salud mental, hemos logrado\u00a0<strong>587 impactos en medios de comunicaci\u00f3n<\/strong>,\u2026<\/p>\n<p>Y estas son solo algunas de\u00a0<strong>nuestras cifras<\/strong>. Descubre m\u00e1s nuestra<a href=\"https:\/\/www.fundacionmanantial.org\/wp-content\/uploads\/2024\/07\/BAJA-PLIEGOS-FINAL-MEMORIA-FM-2023-1.pdf\" target=\"_blank\" rel=\"noreferrer noopener\">\u00a0Memoria 2023<\/a><\/p>\n<p><iframe loading=\"lazy\" title=\"Caminamos contigo - Memoria 2023 Fundaci\u00f3n Manantial\" width=\"1080\" height=\"608\" src=\"https:\/\/www.youtube.com\/embed\/PslmmUEvwtg?feature=oembed\"  allow=\"accelerometer; autoplay; clipboard-write; encrypted-media; gyroscope; picture-in-picture; web-share\" referrerpolicy=\"strict-origin-when-cross-origin\" allowfullscreen><\/iframe><\/p>\n","protected":false},"excerpt":{"rendered":"<p>El 2023 ha sido un a\u00f1o en el que hemos\u00a0atendido a m\u00e1s de 3.000 personas\u00a0en nuestros\u00a0centros, programas y servicios; con un\u00a0equipo de 658 profesionales; 500 personas han accedido al mercado de\u00a0trabajo;\u00a0212 personas han decidido c\u00f3mo quieren vivir\u00a0a trav\u00e9s de nuestro\u00a0Servicio de Apoyo; nuestro trabajo en la\u00a0reinserci\u00f3n social\u00a0desde el \u00e1mbito penitenciario\u00a0ha logrado un\u00a099% de no reincidencia;\u00a0144 [&hellip;]<\/p>\n","protected":false},"author":3,"featured_media":234,"comment_status":"closed","ping_status":"closed","sticky":false,"template":"","format":"standard","meta":{"_et_pb_use_builder":"","_et_pb_old_content":"","_et_gb_content_width":"","footnotes":""},"categories":[1],"tags":[],"class_list":["post-231","post","type-post","status-publish","format-standard","has-post-thumbnail","hentry","category-sin-categoria"],"yoast_head":"<!-- This site is optimized with the Yoast SEO plugin v20.6 - https:\/\/yoast.com\/wordpress\/plugins\/seo\/ -->\n<title>Caminamos contigo: nuestros logros en 2023 - Mas Casa Verde<\/title>\n<meta name=\"robots\" content=\"index, follow, max-snippet:-1, max-image-preview:large, max-video-preview:-1\" \/>\n<link rel=\"canonical\" href=\"https:\/\/mascasaverde.org\/index.php\/2024\/07\/12\/caminamos-contigo-memoria-fundacion-manantial-2023\/\" \/>\n<meta property=\"og:locale\" content=\"en_US\" \/>\n<meta property=\"og:type\" content=\"article\" \/>\n<meta property=\"og:title\" content=\"Caminamos contigo: nuestros logros en 2023 - Mas Casa Verde\" \/>\n<meta property=\"og:description\" content=\"El 2023 ha sido un a\u00f1o en el que hemos\u00a0atendido a m\u00e1s de 3.000 personas\u00a0en nuestros\u00a0centros, programas y servicios; con un\u00a0equipo de 658 profesionales; 500 personas han accedido al mercado de\u00a0trabajo;\u00a0212 personas han decidido c\u00f3mo quieren vivir\u00a0a trav\u00e9s de nuestro\u00a0Servicio de Apoyo; nuestro trabajo en la\u00a0reinserci\u00f3n social\u00a0desde el \u00e1mbito penitenciario\u00a0ha logrado un\u00a099% de no reincidencia;\u00a0144 [&hellip;]\" \/>\n<meta property=\"og:url\" content=\"https:\/\/mascasaverde.org\/index.php\/2024\/07\/12\/caminamos-contigo-memoria-fundacion-manantial-2023\/\" \/>\n<meta property=\"og:site_name\" content=\"Mas Casa Verde\" \/>\n<meta property=\"article:published_time\" content=\"2024-07-12T09:52:40+00:00\" \/>\n<meta property=\"article:modified_time\" content=\"2024-08-12T10:01:47+00:00\" \/>\n<meta property=\"og:image\" content=\"https:\/\/mascasaverde.org\/wp-content\/uploads\/2024\/07\/memoria-2023-fundacion-manantial-logros-caminamos-contigo-impacto-salud-mental.jpg\" \/>\n\t<meta property=\"og:image:width\" content=\"1920\" \/>\n\t<meta property=\"og:image:height\" content=\"676\" \/>\n\t<meta property=\"og:image:type\" content=\"image\/jpeg\" \/>\n<meta name=\"author\" content=\"M\u00e1s Casa\" \/>\n<meta name=\"twitter:card\" content=\"summary_large_image\" \/>\n<meta name=\"twitter:label1\" content=\"Written by\" \/>\n\t<meta name=\"twitter:data1\" content=\"M\u00e1s Casa\" \/>\n\t<meta name=\"twitter:label2\" content=\"Est. reading time\" \/>\n\t<meta name=\"twitter:data2\" content=\"1 minute\" \/>\n<script type=\"application\/ld+json\" class=\"yoast-schema-graph\">{\"@context\":\"https:\/\/schema.org\",\"@graph\":[{\"@type\":\"WebPage\",\"@id\":\"https:\/\/mascasaverde.org\/index.php\/2024\/07\/12\/caminamos-contigo-memoria-fundacion-manantial-2023\/\",\"url\":\"https:\/\/mascasaverde.org\/index.php\/2024\/07\/12\/caminamos-contigo-memoria-fundacion-manantial-2023\/\",\"name\":\"Caminamos contigo: nuestros logros en 2023 - Mas Casa Verde\",\"isPartOf\":{\"@id\":\"https:\/\/mascasaverde.org\/#website\"},\"datePublished\":\"2024-07-12T09:52:40+00:00\",\"dateModified\":\"2024-08-12T10:01:47+00:00\",\"author\":{\"@id\":\"https:\/\/mascasaverde.org\/#\/schema\/person\/3a2c5d2514d17262754e77c4f4ac4172\"},\"breadcrumb\":{\"@id\":\"https:\/\/mascasaverde.org\/index.php\/2024\/07\/12\/caminamos-contigo-memoria-fundacion-manantial-2023\/#breadcrumb\"},\"inLanguage\":\"en-US\",\"potentialAction\":[{\"@type\":\"ReadAction\",\"target\":[\"https:\/\/mascasaverde.org\/index.php\/2024\/07\/12\/caminamos-contigo-memoria-fundacion-manantial-2023\/\"]}]},{\"@type\":\"BreadcrumbList\",\"@id\":\"https:\/\/mascasaverde.org\/index.php\/2024\/07\/12\/caminamos-contigo-memoria-fundacion-manantial-2023\/#breadcrumb\",\"itemListElement\":[{\"@type\":\"ListItem\",\"position\":1,\"name\":\"Portada\",\"item\":\"https:\/\/mascasaverde.org\/\"},{\"@type\":\"ListItem\",\"position\":2,\"name\":\"Caminamos contigo: nuestros logros en 2023\"}]},{\"@type\":\"WebSite\",\"@id\":\"https:\/\/mascasaverde.org\/#website\",\"url\":\"https:\/\/mascasaverde.org\/\",\"name\":\"Mas Casa Verde\",\"description\":\"Un proyecto de Fundaci\u00f3n Manantial\",\"potentialAction\":[{\"@type\":\"SearchAction\",\"target\":{\"@type\":\"EntryPoint\",\"urlTemplate\":\"https:\/\/mascasaverde.org\/?s={search_term_string}\"},\"query-input\":\"required name=search_term_string\"}],\"inLanguage\":\"en-US\"},{\"@type\":\"Person\",\"@id\":\"https:\/\/mascasaverde.org\/#\/schema\/person\/3a2c5d2514d17262754e77c4f4ac4172\",\"name\":\"M\u00e1s Casa\",\"sameAs\":[\"http:\/\/ideahotel.es\"],\"url\":\"https:\/\/mascasaverde.org\/index.php\/author\/ideahotel-ext\/\"}]}<\/script>\n<!-- \/ Yoast SEO plugin. -->","yoast_head_json":{"title":"Caminamos contigo: nuestros logros en 2023 - Mas Casa Verde","robots":{"index":"index","follow":"follow","max-snippet":"max-snippet:-1","max-image-preview":"max-image-preview:large","max-video-preview":"max-video-preview:-1"},"canonical":"https:\/\/mascasaverde.org\/index.php\/2024\/07\/12\/caminamos-contigo-memoria-fundacion-manantial-2023\/","og_locale":"en_US","og_type":"article","og_title":"Caminamos contigo: nuestros logros en 2023 - Mas Casa Verde","og_description":"El 2023 ha sido un a\u00f1o en el que hemos\u00a0atendido a m\u00e1s de 3.000 personas\u00a0en nuestros\u00a0centros, programas y servicios; con un\u00a0equipo de 658 profesionales; 500 personas han accedido al mercado de\u00a0trabajo;\u00a0212 personas han decidido c\u00f3mo quieren vivir\u00a0a trav\u00e9s de nuestro\u00a0Servicio de Apoyo; nuestro trabajo en la\u00a0reinserci\u00f3n social\u00a0desde el \u00e1mbito penitenciario\u00a0ha logrado un\u00a099% de no reincidencia;\u00a0144 [&hellip;]","og_url":"https:\/\/mascasaverde.org\/index.php\/2024\/07\/12\/caminamos-contigo-memoria-fundacion-manantial-2023\/","og_site_name":"Mas Casa Verde","article_published_time":"2024-07-12T09:52:40+00:00","article_modified_time":"2024-08-12T10:01:47+00:00","og_image":[{"width":1920,"height":676,"url":"https:\/\/mascasaverde.org\/wp-content\/uploads\/2024\/07\/memoria-2023-fundacion-manantial-logros-caminamos-contigo-impacto-salud-mental.jpg","type":"image\/jpeg"}],"author":"M\u00e1s Casa","twitter_card":"summary_large_image","twitter_misc":{"Written by":"M\u00e1s Casa","Est. reading time":"1 minute"},"schema":{"@context":"https:\/\/schema.org","@graph":[{"@type":"WebPage","@id":"https:\/\/mascasaverde.org\/index.php\/2024\/07\/12\/caminamos-contigo-memoria-fundacion-manantial-2023\/","url":"https:\/\/mascasaverde.org\/index.php\/2024\/07\/12\/caminamos-contigo-memoria-fundacion-manantial-2023\/","name":"Caminamos contigo: nuestros logros en 2023 - Mas Casa Verde","isPartOf":{"@id":"https:\/\/mascasaverde.org\/#website"},"datePublished":"2024-07-12T09:52:40+00:00","dateModified":"2024-08-12T10:01:47+00:00","author":{"@id":"https:\/\/mascasaverde.org\/#\/schema\/person\/3a2c5d2514d17262754e77c4f4ac4172"},"breadcrumb":{"@id":"https:\/\/mascasaverde.org\/index.php\/2024\/07\/12\/caminamos-contigo-memoria-fundacion-manantial-2023\/#breadcrumb"},"inLanguage":"en-US","potentialAction":[{"@type":"ReadAction","target":["https:\/\/mascasaverde.org\/index.php\/2024\/07\/12\/caminamos-contigo-memoria-fundacion-manantial-2023\/"]}]},{"@type":"BreadcrumbList","@id":"https:\/\/mascasaverde.org\/index.php\/2024\/07\/12\/caminamos-contigo-memoria-fundacion-manantial-2023\/#breadcrumb","itemListElement":[{"@type":"ListItem","position":1,"name":"Portada","item":"https:\/\/mascasaverde.org\/"},{"@type":"ListItem","position":2,"name":"Caminamos contigo: nuestros logros en 2023"}]},{"@type":"WebSite","@id":"https:\/\/mascasaverde.org\/#website","url":"https:\/\/mascasaverde.org\/","name":"Mas Casa Verde","description":"Un proyecto de Fundaci\u00f3n Manantial","potentialAction":[{"@type":"SearchAction","target":{"@type":"EntryPoint","urlTemplate":"https:\/\/mascasaverde.org\/?s={search_term_string}"},"query-input":"required name=search_term_string"}],"inLanguage":"en-US"},{"@type":"Person","@id":"https:\/\/mascasaverde.org\/#\/schema\/person\/3a2c5d2514d17262754e77c4f4ac4172","name":"M\u00e1s Casa","sameAs":["http:\/\/ideahotel.es"],"url":"https:\/\/mascasaverde.org\/index.php\/author\/ideahotel-ext\/"}]}},"_links":{"self":[{"href":"https:\/\/mascasaverde.org\/index.php\/wp-json\/wp\/v2\/posts\/231","targetHints":{"allow":["GET"]}}],"collection":[{"href":"https:\/\/mascasaverde.org\/index.php\/wp-json\/wp\/v2\/posts"}],"about":[{"href":"https:\/\/mascasaverde.org\/index.php\/wp-json\/wp\/v2\/types\/post"}],"author":[{"embeddable":true,"href":"https:\/\/mascasaverde.org\/index.php\/wp-json\/wp\/v2\/users\/3"}],"replies":[{"embeddable":true,"href":"https:\/\/mascasaverde.org\/index.php\/wp-json\/wp\/v2\/comments?post=231"}],"version-history":[{"count":3,"href":"https:\/\/mascasaverde.org\/index.php\/wp-json\/wp\/v2\/posts\/231\/revisions"}],"predecessor-version":[{"id":235,"href":"https:\/\/mascasaverde.org\/index.php\/wp-json\/wp\/v2\/posts\/231\/revisions\/235"}],"wp:featuredmedia":[{"embeddable":true,"href":"https:\/\/mascasaverde.org\/index.php\/wp-json\/wp\/v2\/media\/234"}],"wp:attachment":[{"href":"https:\/\/mascasaverde.org\/index.php\/wp-json\/wp\/v2\/media?parent=231"}],"wp:term":[{"taxonomy":"category","embeddable":true,"href":"https:\/\/mascasaverde.org\/index.php\/wp-json\/wp\/v2\/categories?post=231"},{"taxonomy":"post_tag","embeddable":true,"href":"https:\/\/mascasaverde.org\/index.php\/wp-json\/wp\/v2\/tags?post=231"}],"curies":[{"name":"wp","href":"https:\/\/api.w.org\/{rel}","templated":true}]}}