{"id":222,"date":"2024-01-30T09:59:36","date_gmt":"2024-01-30T09:59:36","guid":{"rendered":"https:\/\/mascasaverde.org\/?p=222"},"modified":"2024-08-09T10:17:38","modified_gmt":"2024-08-09T10:17:38","slug":"formaciones-clave-para-identificar-personas-beneficiarias-de-mas-casa","status":"publish","type":"post","link":"https:\/\/mascasaverde.org\/index.php\/2024\/01\/30\/formaciones-clave-para-identificar-personas-beneficiarias-de-mas-casa\/","title":{"rendered":"Formaciones para identificar personas beneficiarias de &#8220;M\u00e1s Casa&#8221;"},"content":{"rendered":"<div class=\"w-full text-token-text-primary\" dir=\"auto\" data-testid=\"conversation-turn-2\" data-scroll-anchor=\"false\">\n<div class=\"text-base py-[18px] px-3 md:px-4 m-auto md:px-5 lg:px-1 xl:px-5\">\n<div class=\"mx-auto flex flex-1 gap-4 text-base md:gap-5 lg:gap-6 md:max-w-3xl lg:max-w-[40rem] xl:max-w-[48rem]\">\n<div class=\"group\/conversation-turn relative flex w-full min-w-0 flex-col\">\n<div class=\"flex-col gap-1 md:gap-3\">\n<div class=\"flex max-w-full flex-col flex-grow\">\n<div class=\"min-h-[20px] text-message flex w-full flex-col items-end gap-2 whitespace-pre-wrap break-words [.text-message+&amp;]:mt-5 overflow-x-auto\" dir=\"auto\" data-message-author-role=\"user\" data-message-id=\"aaa2a09a-a82a-4d70-a1e4-fe825dad2b88\">\n<div class=\"flex w-full flex-col gap-1 empty:hidden items-end rtl:items-start\">\n<div class=\"relative max-w-[70%] rounded-3xl bg-[#f4f4f4] px-5 py-2.5 dark:bg-token-main-surface-secondary\">\n<div>\n<p>Este mes, se han realizado capacitaciones especializadas y la presentaci\u00f3n de M\u00e1s Casa para el equipo de Servicios Sociales y el equipo de intervenci\u00f3n del proyecto. Estas sesiones se centraron en la detecci\u00f3n de beneficiarios potenciales, garantizando que la ayuda llegue a quienes m\u00e1s la necesitan.<\/p>\n<p>La formaci\u00f3n tambi\u00e9n incluy\u00f3 la presentaci\u00f3n del proyecto a profesionales de salud mental de Tetu\u00e1n, con el objetivo de integrar su expertise en la selecci\u00f3n de los beneficiarios. Adem\u00e1s, se llevaron a cabo capacitaciones en el Hospital y Centro de Salud Mental de Parla, as\u00ed como en el Centro de Atenci\u00f3n Integral (CAI) de Tetu\u00e1n.<\/p>\n<p>Estas iniciativas buscan asegurar una implementaci\u00f3n efectiva del proyecto &#8220;M\u00e1s Casa&#8221;, proporcionando a los profesionales las herramientas necesarias para identificar y apoyar a las familias en situaci\u00f3n de vulnerabilidad. M\u00e1s Casa y cualquier proyecto de Fundaci\u00f3n Manantial depende del trabajo en red y, en especial, con los centros de salud mental.<\/p>\n<p>El proyecto est\u00e1 financiado por los<a href=\"https:\/\/next-generation-eu.europa.eu\/index_es\"> fondos NextGenerationEU de la Uni\u00f3n Europea<\/a> a trav\u00e9s del <a href=\"https:\/\/planderecuperacion.gob.es\/\">Plan de Transformaci\u00f3n, Recuperaci\u00f3n y Resiliencia del Gobierno de Espa\u00f1a<\/a>, a trav\u00e9s de la convocatoria de proyectos piloto de innovaci\u00f3n social de la <a href=\"https:\/\/www.comunidad.madrid\/transparencia\/unidad-organizativa-responsable\/consejeria-familia-juventud-y-asuntos-sociales\">Consejer\u00eda de Juventud, Familia y Asuntos Sociales<\/a> de la Comunidad de Madrid.<\/p>\n<\/div>\n<div class=\"absolute bottom-0 right-full top-0 -mr-3.5 hidden pr-5 pt-1 [.group\\\/conversation-turn:hover_&amp;]:block\"><\/div>\n<\/div>\n<\/div>\n<\/div>\n<\/div>\n<\/div>\n<\/div>\n<\/div>\n<\/div>\n<\/div>\n<div class=\"w-full text-token-text-primary\" dir=\"auto\" data-testid=\"conversation-turn-3\" data-scroll-anchor=\"true\">\n<div class=\"text-base py-[18px] px-3 md:px-4 m-auto md:px-5 lg:px-1 xl:px-5\">\n<div class=\"mx-auto flex flex-1 gap-4 text-base md:gap-5 lg:gap-6 md:max-w-3xl lg:max-w-[40rem] xl:max-w-[48rem]\">\n<div class=\"flex-shrink-0 flex flex-col relative items-end\">\n<div>\n<div class=\"pt-0\">\n<div class=\"gizmo-bot-avatar flex h-8 w-8 items-center justify-center overflow-hidden rounded-full\">\n<div class=\"relative p-1 rounded-sm flex items-center justify-center bg-token-main-surface-primary text-token-text-primary h-8 w-8\"><\/div>\n<\/div>\n<\/div>\n<\/div>\n<\/div>\n<\/div>\n<\/div>\n<\/div>\n","protected":false},"excerpt":{"rendered":"<p>Este mes, se han realizado capacitaciones especializadas y la presentaci\u00f3n de M\u00e1s Casa para el equipo de Servicios Sociales y el equipo de intervenci\u00f3n del proyecto. Estas sesiones se centraron en la detecci\u00f3n de beneficiarios potenciales, garantizando que la ayuda llegue a quienes m\u00e1s la necesitan. La formaci\u00f3n tambi\u00e9n incluy\u00f3 la presentaci\u00f3n del proyecto a [&hellip;]<\/p>\n","protected":false},"author":3,"featured_media":226,"comment_status":"closed","ping_status":"closed","sticky":false,"template":"","format":"standard","meta":{"_et_pb_use_builder":"","_et_pb_old_content":"","_et_gb_content_width":"","footnotes":""},"categories":[1],"tags":[52,51,54,22,6,35,53,30],"class_list":["post-222","post","type-post","status-publish","format-standard","has-post-thumbnail","hentry","category-sin-categoria","tag-atencion","tag-csm","tag-europa","tag-fundacion-manantial","tag-infancia","tag-mas-casa","tag-recuperacion","tag-saludmental"],"yoast_head":"<!-- This site is optimized with the Yoast SEO plugin v20.6 - https:\/\/yoast.com\/wordpress\/plugins\/seo\/ -->\n<title>Formaciones para identificar personas beneficiarias de &quot;M\u00e1s Casa&quot; - Mas Casa Verde<\/title>\n<meta name=\"description\" content=\"Capacitaci\u00f3n clave para detectar beneficiarios del proyecto &quot;M\u00e1s Casa&quot;. Se form\u00f3 a equipos de salud mental en Tetu\u00e1n, Parla y Servicios Sociales para asegurar que la ayuda llegue a quienes m\u00e1s la necesitan.\" \/>\n<meta name=\"robots\" content=\"index, follow, max-snippet:-1, max-image-preview:large, max-video-preview:-1\" \/>\n<link rel=\"canonical\" href=\"https:\/\/mascasaverde.org\/index.php\/2024\/01\/30\/formaciones-clave-para-identificar-personas-beneficiarias-de-mas-casa\/\" \/>\n<meta property=\"og:locale\" content=\"en_US\" \/>\n<meta property=\"og:type\" content=\"article\" \/>\n<meta property=\"og:title\" content=\"Formaciones para identificar personas beneficiarias de &quot;M\u00e1s Casa&quot; - Mas Casa Verde\" \/>\n<meta property=\"og:description\" content=\"Capacitaci\u00f3n clave para detectar beneficiarios del proyecto &quot;M\u00e1s Casa&quot;. Se form\u00f3 a equipos de salud mental en Tetu\u00e1n, Parla y Servicios Sociales para asegurar que la ayuda llegue a quienes m\u00e1s la necesitan.\" \/>\n<meta property=\"og:url\" content=\"https:\/\/mascasaverde.org\/index.php\/2024\/01\/30\/formaciones-clave-para-identificar-personas-beneficiarias-de-mas-casa\/\" \/>\n<meta property=\"og:site_name\" content=\"Mas Casa Verde\" \/>\n<meta property=\"article:published_time\" content=\"2024-01-30T09:59:36+00:00\" \/>\n<meta property=\"article:modified_time\" content=\"2024-08-09T10:17:38+00:00\" \/>\n<meta property=\"og:image\" content=\"https:\/\/mascasaverde.org\/wp-content\/uploads\/2024\/01\/IMG-20231005-WA0006.jpg\" \/>\n\t<meta property=\"og:image:width\" content=\"1599\" \/>\n\t<meta property=\"og:image:height\" content=\"1186\" \/>\n\t<meta property=\"og:image:type\" content=\"image\/jpeg\" \/>\n<meta name=\"author\" content=\"M\u00e1s Casa\" \/>\n<meta name=\"twitter:card\" content=\"summary_large_image\" \/>\n<meta name=\"twitter:label1\" content=\"Written by\" \/>\n\t<meta name=\"twitter:data1\" content=\"M\u00e1s Casa\" \/>\n\t<meta name=\"twitter:label2\" content=\"Est. reading time\" \/>\n\t<meta name=\"twitter:data2\" content=\"1 minute\" \/>\n<script type=\"application\/ld+json\" class=\"yoast-schema-graph\">{\"@context\":\"https:\/\/schema.org\",\"@graph\":[{\"@type\":\"WebPage\",\"@id\":\"https:\/\/mascasaverde.org\/index.php\/2024\/01\/30\/formaciones-clave-para-identificar-personas-beneficiarias-de-mas-casa\/\",\"url\":\"https:\/\/mascasaverde.org\/index.php\/2024\/01\/30\/formaciones-clave-para-identificar-personas-beneficiarias-de-mas-casa\/\",\"name\":\"Formaciones para identificar personas beneficiarias de \\\"M\u00e1s Casa\\\" - Mas Casa Verde\",\"isPartOf\":{\"@id\":\"https:\/\/mascasaverde.org\/#website\"},\"datePublished\":\"2024-01-30T09:59:36+00:00\",\"dateModified\":\"2024-08-09T10:17:38+00:00\",\"author\":{\"@id\":\"https:\/\/mascasaverde.org\/#\/schema\/person\/3a2c5d2514d17262754e77c4f4ac4172\"},\"description\":\"Capacitaci\u00f3n clave para detectar beneficiarios del proyecto \\\"M\u00e1s Casa\\\". Se form\u00f3 a equipos de salud mental en Tetu\u00e1n, Parla y Servicios Sociales para asegurar que la ayuda llegue a quienes m\u00e1s la necesitan.\",\"breadcrumb\":{\"@id\":\"https:\/\/mascasaverde.org\/index.php\/2024\/01\/30\/formaciones-clave-para-identificar-personas-beneficiarias-de-mas-casa\/#breadcrumb\"},\"inLanguage\":\"en-US\",\"potentialAction\":[{\"@type\":\"ReadAction\",\"target\":[\"https:\/\/mascasaverde.org\/index.php\/2024\/01\/30\/formaciones-clave-para-identificar-personas-beneficiarias-de-mas-casa\/\"]}]},{\"@type\":\"BreadcrumbList\",\"@id\":\"https:\/\/mascasaverde.org\/index.php\/2024\/01\/30\/formaciones-clave-para-identificar-personas-beneficiarias-de-mas-casa\/#breadcrumb\",\"itemListElement\":[{\"@type\":\"ListItem\",\"position\":1,\"name\":\"Portada\",\"item\":\"https:\/\/mascasaverde.org\/\"},{\"@type\":\"ListItem\",\"position\":2,\"name\":\"Formaciones para identificar personas beneficiarias de &#8220;M\u00e1s Casa&#8221;\"}]},{\"@type\":\"WebSite\",\"@id\":\"https:\/\/mascasaverde.org\/#website\",\"url\":\"https:\/\/mascasaverde.org\/\",\"name\":\"Mas Casa Verde\",\"description\":\"Un proyecto de Fundaci\u00f3n Manantial\",\"potentialAction\":[{\"@type\":\"SearchAction\",\"target\":{\"@type\":\"EntryPoint\",\"urlTemplate\":\"https:\/\/mascasaverde.org\/?s={search_term_string}\"},\"query-input\":\"required name=search_term_string\"}],\"inLanguage\":\"en-US\"},{\"@type\":\"Person\",\"@id\":\"https:\/\/mascasaverde.org\/#\/schema\/person\/3a2c5d2514d17262754e77c4f4ac4172\",\"name\":\"M\u00e1s Casa\",\"sameAs\":[\"http:\/\/ideahotel.es\"],\"url\":\"https:\/\/mascasaverde.org\/index.php\/author\/ideahotel-ext\/\"}]}<\/script>\n<!-- \/ Yoast SEO plugin. -->","yoast_head_json":{"title":"Formaciones para identificar personas beneficiarias de \"M\u00e1s Casa\" - Mas Casa Verde","description":"Capacitaci\u00f3n clave para detectar beneficiarios del proyecto \"M\u00e1s Casa\". Se form\u00f3 a equipos de salud mental en Tetu\u00e1n, Parla y Servicios Sociales para asegurar que la ayuda llegue a quienes m\u00e1s la necesitan.","robots":{"index":"index","follow":"follow","max-snippet":"max-snippet:-1","max-image-preview":"max-image-preview:large","max-video-preview":"max-video-preview:-1"},"canonical":"https:\/\/mascasaverde.org\/index.php\/2024\/01\/30\/formaciones-clave-para-identificar-personas-beneficiarias-de-mas-casa\/","og_locale":"en_US","og_type":"article","og_title":"Formaciones para identificar personas beneficiarias de \"M\u00e1s Casa\" - Mas Casa Verde","og_description":"Capacitaci\u00f3n clave para detectar beneficiarios del proyecto \"M\u00e1s Casa\". Se form\u00f3 a equipos de salud mental en Tetu\u00e1n, Parla y Servicios Sociales para asegurar que la ayuda llegue a quienes m\u00e1s la necesitan.","og_url":"https:\/\/mascasaverde.org\/index.php\/2024\/01\/30\/formaciones-clave-para-identificar-personas-beneficiarias-de-mas-casa\/","og_site_name":"Mas Casa Verde","article_published_time":"2024-01-30T09:59:36+00:00","article_modified_time":"2024-08-09T10:17:38+00:00","og_image":[{"width":1599,"height":1186,"url":"https:\/\/mascasaverde.org\/wp-content\/uploads\/2024\/01\/IMG-20231005-WA0006.jpg","type":"image\/jpeg"}],"author":"M\u00e1s Casa","twitter_card":"summary_large_image","twitter_misc":{"Written by":"M\u00e1s Casa","Est. reading time":"1 minute"},"schema":{"@context":"https:\/\/schema.org","@graph":[{"@type":"WebPage","@id":"https:\/\/mascasaverde.org\/index.php\/2024\/01\/30\/formaciones-clave-para-identificar-personas-beneficiarias-de-mas-casa\/","url":"https:\/\/mascasaverde.org\/index.php\/2024\/01\/30\/formaciones-clave-para-identificar-personas-beneficiarias-de-mas-casa\/","name":"Formaciones para identificar personas beneficiarias de \"M\u00e1s Casa\" - Mas Casa Verde","isPartOf":{"@id":"https:\/\/mascasaverde.org\/#website"},"datePublished":"2024-01-30T09:59:36+00:00","dateModified":"2024-08-09T10:17:38+00:00","author":{"@id":"https:\/\/mascasaverde.org\/#\/schema\/person\/3a2c5d2514d17262754e77c4f4ac4172"},"description":"Capacitaci\u00f3n clave para detectar beneficiarios del proyecto \"M\u00e1s Casa\". Se form\u00f3 a equipos de salud mental en Tetu\u00e1n, Parla y Servicios Sociales para asegurar que la ayuda llegue a quienes m\u00e1s la necesitan.","breadcrumb":{"@id":"https:\/\/mascasaverde.org\/index.php\/2024\/01\/30\/formaciones-clave-para-identificar-personas-beneficiarias-de-mas-casa\/#breadcrumb"},"inLanguage":"en-US","potentialAction":[{"@type":"ReadAction","target":["https:\/\/mascasaverde.org\/index.php\/2024\/01\/30\/formaciones-clave-para-identificar-personas-beneficiarias-de-mas-casa\/"]}]},{"@type":"BreadcrumbList","@id":"https:\/\/mascasaverde.org\/index.php\/2024\/01\/30\/formaciones-clave-para-identificar-personas-beneficiarias-de-mas-casa\/#breadcrumb","itemListElement":[{"@type":"ListItem","position":1,"name":"Portada","item":"https:\/\/mascasaverde.org\/"},{"@type":"ListItem","position":2,"name":"Formaciones para identificar personas beneficiarias de &#8220;M\u00e1s Casa&#8221;"}]},{"@type":"WebSite","@id":"https:\/\/mascasaverde.org\/#website","url":"https:\/\/mascasaverde.org\/","name":"Mas Casa Verde","description":"Un proyecto de Fundaci\u00f3n Manantial","potentialAction":[{"@type":"SearchAction","target":{"@type":"EntryPoint","urlTemplate":"https:\/\/mascasaverde.org\/?s={search_term_string}"},"query-input":"required name=search_term_string"}],"inLanguage":"en-US"},{"@type":"Person","@id":"https:\/\/mascasaverde.org\/#\/schema\/person\/3a2c5d2514d17262754e77c4f4ac4172","name":"M\u00e1s Casa","sameAs":["http:\/\/ideahotel.es"],"url":"https:\/\/mascasaverde.org\/index.php\/author\/ideahotel-ext\/"}]}},"_links":{"self":[{"href":"https:\/\/mascasaverde.org\/index.php\/wp-json\/wp\/v2\/posts\/222","targetHints":{"allow":["GET"]}}],"collection":[{"href":"https:\/\/mascasaverde.org\/index.php\/wp-json\/wp\/v2\/posts"}],"about":[{"href":"https:\/\/mascasaverde.org\/index.php\/wp-json\/wp\/v2\/types\/post"}],"author":[{"embeddable":true,"href":"https:\/\/mascasaverde.org\/index.php\/wp-json\/wp\/v2\/users\/3"}],"replies":[{"embeddable":true,"href":"https:\/\/mascasaverde.org\/index.php\/wp-json\/wp\/v2\/comments?post=222"}],"version-history":[{"count":3,"href":"https:\/\/mascasaverde.org\/index.php\/wp-json\/wp\/v2\/posts\/222\/revisions"}],"predecessor-version":[{"id":225,"href":"https:\/\/mascasaverde.org\/index.php\/wp-json\/wp\/v2\/posts\/222\/revisions\/225"}],"wp:featuredmedia":[{"embeddable":true,"href":"https:\/\/mascasaverde.org\/index.php\/wp-json\/wp\/v2\/media\/226"}],"wp:attachment":[{"href":"https:\/\/mascasaverde.org\/index.php\/wp-json\/wp\/v2\/media?parent=222"}],"wp:term":[{"taxonomy":"category","embeddable":true,"href":"https:\/\/mascasaverde.org\/index.php\/wp-json\/wp\/v2\/categories?post=222"},{"taxonomy":"post_tag","embeddable":true,"href":"https:\/\/mascasaverde.org\/index.php\/wp-json\/wp\/v2\/tags?post=222"}],"curies":[{"name":"wp","href":"https:\/\/api.w.org\/{rel}","templated":true}]}}