{"id":217,"date":"2023-09-29T14:55:08","date_gmt":"2023-09-29T14:55:08","guid":{"rendered":"https:\/\/mascasaverde.org\/?p=217"},"modified":"2024-08-19T11:14:40","modified_gmt":"2024-08-19T11:14:40","slug":"presentamos-mas-casa","status":"publish","type":"post","link":"https:\/\/mascasaverde.org\/index.php\/2023\/09\/29\/presentamos-mas-casa\/","title":{"rendered":"Presentamos M\u00e1s Casa"},"content":{"rendered":"<p>Esta semana ha sido muy emocionante para el equipo de M\u00e1s Casa, ya que hemos tenido la oportunidad de presentar nuestro proyecto de <strong>innovaci\u00f3n social<\/strong> en el acogedor \u201csal\u00f3n\u201d de <a href=\"https:\/\/www.fundacionmanantial.org\/servicios-de-salud-mental\/prevencion-temprana-salud-mental\/\" target=\"_blank\" rel=\"noopener\"><strong>Casa Verde<\/strong><\/a>. Con una taza de caf\u00e9 en mano y muchas ganas de compartir, nos reunimos con profesionales de servicios sociales, especialistas en salud mental, y entidades colaboradoras para desvelar los detalles de esta emocionante iniciativa.<\/p>\n<h4>Un espacio para la colaboraci\u00f3n y el cambio<\/h4>\n<p>El encuentro no solo fue un espacio para presentar el proyecto, sino tambi\u00e9n una oportunidad para dialogar y colaborar con profesionales expertos del sector. Exploramos el potencial de esta iniciativa para mejorar el bienestar de las comunidades en las que trabajamos. El entusiasmo y las ideas que surgieron en este encuentro nos llenan de energ\u00eda y determinaci\u00f3n para seguir trabajando.<\/p>\n<h4>Apoyo europeo y local para un futuro mejor<\/h4>\n<p><span style=\"font-weight: 400;\">M\u00e1s Casa est\u00e1 financiado por los<\/span><a href=\"https:\/\/next-generation-eu.europa.eu\/index_es\"> <span style=\"font-weight: 400;\">fondos NextGenerationEU de la Uni\u00f3n Europea<\/span><\/a><span style=\"font-weight: 400;\"> a trav\u00e9s del <\/span><a href=\"https:\/\/planderecuperacion.gob.es\/\"><span style=\"font-weight: 400;\">Plan de Transformaci\u00f3n, Recuperaci\u00f3n y Resiliencia del Gobierno de Espa\u00f1a<\/span><\/a><span style=\"font-weight: 400;\">, a trav\u00e9s de la convocatoria de proyectos piloto de innovaci\u00f3n social de la <\/span><a href=\"https:\/\/www.comunidad.madrid\/transparencia\/unidad-organizativa-responsable\/consejeria-familia-juventud-y-asuntos-sociales\"><span style=\"font-weight: 400;\">Consejer\u00eda de Juventud, Familia y Asuntos Sociales<\/span><\/a><span style=\"font-weight: 400;\"> de la Comunidad de Madrid.<\/span><\/p>\n<p>Estamos ansiosxs por seguir trabajando en conjunto y llevar adelante este proyecto que promete ser un verdadero cambio en nuestra comunidad.<\/p>\n<p><iframe loading=\"lazy\" title=\"M\u00e1s Casa: proyecto piloto de innovaci\u00f3n social\" width=\"1080\" height=\"608\" src=\"https:\/\/www.youtube.com\/embed\/Hbq2tQzpjBs?feature=oembed\"  allow=\"accelerometer; autoplay; clipboard-write; encrypted-media; gyroscope; picture-in-picture; web-share\" referrerpolicy=\"strict-origin-when-cross-origin\" allowfullscreen><\/iframe><\/p>\n<p>&nbsp;<\/p>\n","protected":false},"excerpt":{"rendered":"<p>Esta semana ha sido muy emocionante para el equipo de M\u00e1s Casa, ya que hemos tenido la oportunidad de presentar nuestro proyecto de innovaci\u00f3n social en el acogedor \u201csal\u00f3n\u201d de Casa Verde. Con una taza de caf\u00e9 en mano y muchas ganas de compartir, nos reunimos con profesionales de servicios sociales, especialistas en salud mental, [&hellip;]<\/p>\n","protected":false},"author":3,"featured_media":221,"comment_status":"closed","ping_status":"closed","sticky":false,"template":"","format":"standard","meta":{"_et_pb_use_builder":"","_et_pb_old_content":"","_et_gb_content_width":"","footnotes":""},"categories":[1],"tags":[26,48,49,50,44,22,47,6,41,35,45,40,43,46,4,42],"class_list":["post-217","post","type-post","status-publish","format-standard","has-post-thumbnail","hentry","category-sin-categoria","tag-casa-verde","tag-comunidad-de-madrid","tag-consejeria-de-juventud","tag-familia-y-asuntos-sociales","tag-fondos-nextgenerationeu","tag-fundacion-manantial","tag-gobierno-de-espana","tag-infancia","tag-innovacion-social","tag-mas-casa","tag-plan-de-transformacion","tag-prevencion","tag-proyecto-financiado","tag-recuperacion-y-resiliencia","tag-salud-mental","tag-servicios-sociales"],"yoast_head":"<!-- This site is optimized with the Yoast SEO plugin v20.6 - https:\/\/yoast.com\/wordpress\/plugins\/seo\/ -->\n<title>Presentamos M\u00e1s Casa - Mas Casa Verde<\/title>\n<meta name=\"description\" content=\"Descubre el emocionante lanzamiento del proyecto de innovaci\u00f3n social en Casa Verde, una iniciativa respaldada por los fondos NextGenerationEU de la Uni\u00f3n Europea y apoyada por la Comunidad de Madrid. \u00a1\u00danete a nosotros en esta transformaci\u00f3n social!\" \/>\n<meta name=\"robots\" content=\"index, follow, max-snippet:-1, max-image-preview:large, max-video-preview:-1\" \/>\n<link rel=\"canonical\" href=\"https:\/\/mascasaverde.org\/index.php\/2023\/09\/29\/presentamos-mas-casa\/\" \/>\n<meta property=\"og:locale\" content=\"en_US\" \/>\n<meta property=\"og:type\" content=\"article\" \/>\n<meta property=\"og:title\" content=\"Presentamos M\u00e1s Casa - Mas Casa Verde\" \/>\n<meta property=\"og:description\" content=\"Descubre el emocionante lanzamiento del proyecto de innovaci\u00f3n social en Casa Verde, una iniciativa respaldada por los fondos NextGenerationEU de la Uni\u00f3n Europea y apoyada por la Comunidad de Madrid. \u00a1\u00danete a nosotros en esta transformaci\u00f3n social!\" \/>\n<meta property=\"og:url\" content=\"https:\/\/mascasaverde.org\/index.php\/2023\/09\/29\/presentamos-mas-casa\/\" \/>\n<meta property=\"og:site_name\" content=\"Mas Casa Verde\" \/>\n<meta property=\"article:published_time\" content=\"2023-09-29T14:55:08+00:00\" \/>\n<meta property=\"article:modified_time\" content=\"2024-08-19T11:14:40+00:00\" \/>\n<meta property=\"og:image\" content=\"https:\/\/mascasaverde.org\/wp-content\/uploads\/2024\/08\/presentacion-mas-casa.jpg\" \/>\n\t<meta property=\"og:image:width\" content=\"1920\" \/>\n\t<meta property=\"og:image:height\" content=\"676\" \/>\n\t<meta property=\"og:image:type\" content=\"image\/jpeg\" \/>\n<meta name=\"author\" content=\"M\u00e1s Casa\" \/>\n<meta name=\"twitter:card\" content=\"summary_large_image\" \/>\n<meta name=\"twitter:label1\" content=\"Written by\" \/>\n\t<meta name=\"twitter:data1\" content=\"M\u00e1s Casa\" \/>\n\t<meta name=\"twitter:label2\" content=\"Est. reading time\" \/>\n\t<meta name=\"twitter:data2\" content=\"1 minute\" \/>\n<script type=\"application\/ld+json\" class=\"yoast-schema-graph\">{\"@context\":\"https:\/\/schema.org\",\"@graph\":[{\"@type\":\"WebPage\",\"@id\":\"https:\/\/mascasaverde.org\/index.php\/2023\/09\/29\/presentamos-mas-casa\/\",\"url\":\"https:\/\/mascasaverde.org\/index.php\/2023\/09\/29\/presentamos-mas-casa\/\",\"name\":\"Presentamos M\u00e1s Casa - Mas Casa Verde\",\"isPartOf\":{\"@id\":\"https:\/\/mascasaverde.org\/#website\"},\"datePublished\":\"2023-09-29T14:55:08+00:00\",\"dateModified\":\"2024-08-19T11:14:40+00:00\",\"author\":{\"@id\":\"https:\/\/mascasaverde.org\/#\/schema\/person\/3a2c5d2514d17262754e77c4f4ac4172\"},\"description\":\"Descubre el emocionante lanzamiento del proyecto de innovaci\u00f3n social en Casa Verde, una iniciativa respaldada por los fondos NextGenerationEU de la Uni\u00f3n Europea y apoyada por la Comunidad de Madrid. \u00a1\u00danete a nosotros en esta transformaci\u00f3n social!\",\"breadcrumb\":{\"@id\":\"https:\/\/mascasaverde.org\/index.php\/2023\/09\/29\/presentamos-mas-casa\/#breadcrumb\"},\"inLanguage\":\"en-US\",\"potentialAction\":[{\"@type\":\"ReadAction\",\"target\":[\"https:\/\/mascasaverde.org\/index.php\/2023\/09\/29\/presentamos-mas-casa\/\"]}]},{\"@type\":\"BreadcrumbList\",\"@id\":\"https:\/\/mascasaverde.org\/index.php\/2023\/09\/29\/presentamos-mas-casa\/#breadcrumb\",\"itemListElement\":[{\"@type\":\"ListItem\",\"position\":1,\"name\":\"Portada\",\"item\":\"https:\/\/mascasaverde.org\/\"},{\"@type\":\"ListItem\",\"position\":2,\"name\":\"Presentamos M\u00e1s Casa\"}]},{\"@type\":\"WebSite\",\"@id\":\"https:\/\/mascasaverde.org\/#website\",\"url\":\"https:\/\/mascasaverde.org\/\",\"name\":\"Mas Casa Verde\",\"description\":\"Un proyecto de Fundaci\u00f3n Manantial\",\"potentialAction\":[{\"@type\":\"SearchAction\",\"target\":{\"@type\":\"EntryPoint\",\"urlTemplate\":\"https:\/\/mascasaverde.org\/?s={search_term_string}\"},\"query-input\":\"required name=search_term_string\"}],\"inLanguage\":\"en-US\"},{\"@type\":\"Person\",\"@id\":\"https:\/\/mascasaverde.org\/#\/schema\/person\/3a2c5d2514d17262754e77c4f4ac4172\",\"name\":\"M\u00e1s Casa\",\"sameAs\":[\"http:\/\/ideahotel.es\"],\"url\":\"https:\/\/mascasaverde.org\/index.php\/author\/ideahotel-ext\/\"}]}<\/script>\n<!-- \/ Yoast SEO plugin. -->","yoast_head_json":{"title":"Presentamos M\u00e1s Casa - Mas Casa Verde","description":"Descubre el emocionante lanzamiento del proyecto de innovaci\u00f3n social en Casa Verde, una iniciativa respaldada por los fondos NextGenerationEU de la Uni\u00f3n Europea y apoyada por la Comunidad de Madrid. \u00a1\u00danete a nosotros en esta transformaci\u00f3n social!","robots":{"index":"index","follow":"follow","max-snippet":"max-snippet:-1","max-image-preview":"max-image-preview:large","max-video-preview":"max-video-preview:-1"},"canonical":"https:\/\/mascasaverde.org\/index.php\/2023\/09\/29\/presentamos-mas-casa\/","og_locale":"en_US","og_type":"article","og_title":"Presentamos M\u00e1s Casa - Mas Casa Verde","og_description":"Descubre el emocionante lanzamiento del proyecto de innovaci\u00f3n social en Casa Verde, una iniciativa respaldada por los fondos NextGenerationEU de la Uni\u00f3n Europea y apoyada por la Comunidad de Madrid. \u00a1\u00danete a nosotros en esta transformaci\u00f3n social!","og_url":"https:\/\/mascasaverde.org\/index.php\/2023\/09\/29\/presentamos-mas-casa\/","og_site_name":"Mas Casa Verde","article_published_time":"2023-09-29T14:55:08+00:00","article_modified_time":"2024-08-19T11:14:40+00:00","og_image":[{"width":1920,"height":676,"url":"https:\/\/mascasaverde.org\/wp-content\/uploads\/2024\/08\/presentacion-mas-casa.jpg","type":"image\/jpeg"}],"author":"M\u00e1s Casa","twitter_card":"summary_large_image","twitter_misc":{"Written by":"M\u00e1s Casa","Est. reading time":"1 minute"},"schema":{"@context":"https:\/\/schema.org","@graph":[{"@type":"WebPage","@id":"https:\/\/mascasaverde.org\/index.php\/2023\/09\/29\/presentamos-mas-casa\/","url":"https:\/\/mascasaverde.org\/index.php\/2023\/09\/29\/presentamos-mas-casa\/","name":"Presentamos M\u00e1s Casa - Mas Casa Verde","isPartOf":{"@id":"https:\/\/mascasaverde.org\/#website"},"datePublished":"2023-09-29T14:55:08+00:00","dateModified":"2024-08-19T11:14:40+00:00","author":{"@id":"https:\/\/mascasaverde.org\/#\/schema\/person\/3a2c5d2514d17262754e77c4f4ac4172"},"description":"Descubre el emocionante lanzamiento del proyecto de innovaci\u00f3n social en Casa Verde, una iniciativa respaldada por los fondos NextGenerationEU de la Uni\u00f3n Europea y apoyada por la Comunidad de Madrid. \u00a1\u00danete a nosotros en esta transformaci\u00f3n social!","breadcrumb":{"@id":"https:\/\/mascasaverde.org\/index.php\/2023\/09\/29\/presentamos-mas-casa\/#breadcrumb"},"inLanguage":"en-US","potentialAction":[{"@type":"ReadAction","target":["https:\/\/mascasaverde.org\/index.php\/2023\/09\/29\/presentamos-mas-casa\/"]}]},{"@type":"BreadcrumbList","@id":"https:\/\/mascasaverde.org\/index.php\/2023\/09\/29\/presentamos-mas-casa\/#breadcrumb","itemListElement":[{"@type":"ListItem","position":1,"name":"Portada","item":"https:\/\/mascasaverde.org\/"},{"@type":"ListItem","position":2,"name":"Presentamos M\u00e1s Casa"}]},{"@type":"WebSite","@id":"https:\/\/mascasaverde.org\/#website","url":"https:\/\/mascasaverde.org\/","name":"Mas Casa Verde","description":"Un proyecto de Fundaci\u00f3n Manantial","potentialAction":[{"@type":"SearchAction","target":{"@type":"EntryPoint","urlTemplate":"https:\/\/mascasaverde.org\/?s={search_term_string}"},"query-input":"required name=search_term_string"}],"inLanguage":"en-US"},{"@type":"Person","@id":"https:\/\/mascasaverde.org\/#\/schema\/person\/3a2c5d2514d17262754e77c4f4ac4172","name":"M\u00e1s Casa","sameAs":["http:\/\/ideahotel.es"],"url":"https:\/\/mascasaverde.org\/index.php\/author\/ideahotel-ext\/"}]}},"_links":{"self":[{"href":"https:\/\/mascasaverde.org\/index.php\/wp-json\/wp\/v2\/posts\/217","targetHints":{"allow":["GET"]}}],"collection":[{"href":"https:\/\/mascasaverde.org\/index.php\/wp-json\/wp\/v2\/posts"}],"about":[{"href":"https:\/\/mascasaverde.org\/index.php\/wp-json\/wp\/v2\/types\/post"}],"author":[{"embeddable":true,"href":"https:\/\/mascasaverde.org\/index.php\/wp-json\/wp\/v2\/users\/3"}],"replies":[{"embeddable":true,"href":"https:\/\/mascasaverde.org\/index.php\/wp-json\/wp\/v2\/comments?post=217"}],"version-history":[{"count":4,"href":"https:\/\/mascasaverde.org\/index.php\/wp-json\/wp\/v2\/posts\/217\/revisions"}],"predecessor-version":[{"id":245,"href":"https:\/\/mascasaverde.org\/index.php\/wp-json\/wp\/v2\/posts\/217\/revisions\/245"}],"wp:featuredmedia":[{"embeddable":true,"href":"https:\/\/mascasaverde.org\/index.php\/wp-json\/wp\/v2\/media\/221"}],"wp:attachment":[{"href":"https:\/\/mascasaverde.org\/index.php\/wp-json\/wp\/v2\/media?parent=217"}],"wp:term":[{"taxonomy":"category","embeddable":true,"href":"https:\/\/mascasaverde.org\/index.php\/wp-json\/wp\/v2\/categories?post=217"},{"taxonomy":"post_tag","embeddable":true,"href":"https:\/\/mascasaverde.org\/index.php\/wp-json\/wp\/v2\/tags?post=217"}],"curies":[{"name":"wp","href":"https:\/\/api.w.org\/{rel}","templated":true}]}}