{"id":160,"date":"2023-12-01T12:56:19","date_gmt":"2023-12-01T12:56:19","guid":{"rendered":"https:\/\/mascasaverde.org\/?p=160"},"modified":"2023-12-01T13:32:42","modified_gmt":"2023-12-01T13:32:42","slug":"imaginando-las-nuevas-casas","status":"publish","type":"post","link":"https:\/\/mascasaverde.org\/index.php\/2023\/12\/01\/imaginando-las-nuevas-casas\/","title":{"rendered":"Imaginando las &#8220;nuevas casas&#8221;"},"content":{"rendered":"<p>\u00a1Hola!<\/p>\n<p>Durante este mes de noviembre, el equipo de M\u00e1s Casa ha salido un poquito m\u00e1s a la calle. Adem\u00e1s de seguir manteniendo espacios de coordinaci\u00f3n con los y las profesionales de los Servicios Sociales y de Salud Mental de Parla y Tetu\u00e1n para hablar de las familias que podr\u00edan ser derivadas al proyecto, hemos salido a buscar los sitios donde se ubicar\u00e1n nuestras &#8220;nuevas casas&#8221;. No hemos podido evitar empezar a so\u00f1ar con ellas e imaginando c\u00f3mo ser\u00e1n: acogedoras, luminosas, y sobre todo, \u00a1llenas de juguetes!<\/p>\n<p>Seguimos trabajando para darles forma y construirlas, esperamos poder ense\u00f1arlas pronto, pero de momento, habr\u00e1 que tener un poco de paciencia \ud83d\ude42<\/p>\n<p>M\u00e1s Casa est\u00e1 financiado por los fondos\u00a0Next Generation EU\u00a0de la Uni\u00f3n Europea a trav\u00e9s del Plan de Transformaci\u00f3n, Recuperaci\u00f3n y Resiliencia del Gobierno de Espa\u00f1a, y de la Consejer\u00eda de Juventud, Familia y Asuntos Sociales de la Comunidad de Madrid.<\/p>\n","protected":false},"excerpt":{"rendered":"<p>\u00a1Hola! Durante este mes de noviembre, el equipo de M\u00e1s Casa ha salido un poquito m\u00e1s a la calle. Adem\u00e1s de seguir manteniendo espacios de coordinaci\u00f3n con los y las profesionales de los Servicios Sociales y de Salud Mental de Parla y Tetu\u00e1n para hablar de las familias que podr\u00edan ser derivadas al proyecto, hemos [&hellip;]<\/p>\n","protected":false},"author":3,"featured_media":161,"comment_status":"closed","ping_status":"closed","sticky":false,"template":"","format":"standard","meta":{"_et_pb_use_builder":"","_et_pb_old_content":"","_et_gb_content_width":"","footnotes":""},"categories":[1],"tags":[],"class_list":["post-160","post","type-post","status-publish","format-standard","has-post-thumbnail","hentry","category-sin-categoria"],"yoast_head":"<!-- This site is optimized with the Yoast SEO plugin v20.6 - https:\/\/yoast.com\/wordpress\/plugins\/seo\/ -->\n<title>Imaginando las &quot;nuevas casas&quot; - Mas Casa Verde<\/title>\n<meta name=\"robots\" content=\"index, follow, max-snippet:-1, max-image-preview:large, max-video-preview:-1\" \/>\n<link rel=\"canonical\" href=\"https:\/\/mascasaverde.org\/index.php\/2023\/12\/01\/imaginando-las-nuevas-casas\/\" \/>\n<meta property=\"og:locale\" content=\"en_US\" \/>\n<meta property=\"og:type\" content=\"article\" \/>\n<meta property=\"og:title\" content=\"Imaginando las &quot;nuevas casas&quot; - Mas Casa Verde\" \/>\n<meta property=\"og:description\" content=\"\u00a1Hola! Durante este mes de noviembre, el equipo de M\u00e1s Casa ha salido un poquito m\u00e1s a la calle. Adem\u00e1s de seguir manteniendo espacios de coordinaci\u00f3n con los y las profesionales de los Servicios Sociales y de Salud Mental de Parla y Tetu\u00e1n para hablar de las familias que podr\u00edan ser derivadas al proyecto, hemos [&hellip;]\" \/>\n<meta property=\"og:url\" content=\"https:\/\/mascasaverde.org\/index.php\/2023\/12\/01\/imaginando-las-nuevas-casas\/\" \/>\n<meta property=\"og:site_name\" content=\"Mas Casa Verde\" \/>\n<meta property=\"article:published_time\" content=\"2023-12-01T12:56:19+00:00\" \/>\n<meta property=\"article:modified_time\" content=\"2023-12-01T13:32:42+00:00\" \/>\n<meta property=\"og:image\" content=\"https:\/\/mascasaverde.org\/wp-content\/uploads\/2023\/12\/20231129_081901-scaled.jpg\" \/>\n\t<meta property=\"og:image:width\" content=\"2560\" \/>\n\t<meta property=\"og:image:height\" content=\"1920\" \/>\n\t<meta property=\"og:image:type\" content=\"image\/jpeg\" \/>\n<meta name=\"author\" content=\"M\u00e1s Casa\" \/>\n<meta name=\"twitter:card\" content=\"summary_large_image\" \/>\n<meta name=\"twitter:label1\" content=\"Written by\" \/>\n\t<meta name=\"twitter:data1\" content=\"M\u00e1s Casa\" \/>\n\t<meta name=\"twitter:label2\" content=\"Est. reading time\" \/>\n\t<meta name=\"twitter:data2\" content=\"1 minute\" \/>\n<script type=\"application\/ld+json\" class=\"yoast-schema-graph\">{\"@context\":\"https:\/\/schema.org\",\"@graph\":[{\"@type\":\"WebPage\",\"@id\":\"https:\/\/mascasaverde.org\/index.php\/2023\/12\/01\/imaginando-las-nuevas-casas\/\",\"url\":\"https:\/\/mascasaverde.org\/index.php\/2023\/12\/01\/imaginando-las-nuevas-casas\/\",\"name\":\"Imaginando las \\\"nuevas casas\\\" - Mas Casa Verde\",\"isPartOf\":{\"@id\":\"https:\/\/mascasaverde.org\/#website\"},\"datePublished\":\"2023-12-01T12:56:19+00:00\",\"dateModified\":\"2023-12-01T13:32:42+00:00\",\"author\":{\"@id\":\"https:\/\/mascasaverde.org\/#\/schema\/person\/3a2c5d2514d17262754e77c4f4ac4172\"},\"breadcrumb\":{\"@id\":\"https:\/\/mascasaverde.org\/index.php\/2023\/12\/01\/imaginando-las-nuevas-casas\/#breadcrumb\"},\"inLanguage\":\"en-US\",\"potentialAction\":[{\"@type\":\"ReadAction\",\"target\":[\"https:\/\/mascasaverde.org\/index.php\/2023\/12\/01\/imaginando-las-nuevas-casas\/\"]}]},{\"@type\":\"BreadcrumbList\",\"@id\":\"https:\/\/mascasaverde.org\/index.php\/2023\/12\/01\/imaginando-las-nuevas-casas\/#breadcrumb\",\"itemListElement\":[{\"@type\":\"ListItem\",\"position\":1,\"name\":\"Portada\",\"item\":\"https:\/\/mascasaverde.org\/\"},{\"@type\":\"ListItem\",\"position\":2,\"name\":\"Imaginando las &#8220;nuevas casas&#8221;\"}]},{\"@type\":\"WebSite\",\"@id\":\"https:\/\/mascasaverde.org\/#website\",\"url\":\"https:\/\/mascasaverde.org\/\",\"name\":\"Mas Casa Verde\",\"description\":\"Un proyecto de Fundaci\u00f3n Manantial\",\"potentialAction\":[{\"@type\":\"SearchAction\",\"target\":{\"@type\":\"EntryPoint\",\"urlTemplate\":\"https:\/\/mascasaverde.org\/?s={search_term_string}\"},\"query-input\":\"required name=search_term_string\"}],\"inLanguage\":\"en-US\"},{\"@type\":\"Person\",\"@id\":\"https:\/\/mascasaverde.org\/#\/schema\/person\/3a2c5d2514d17262754e77c4f4ac4172\",\"name\":\"M\u00e1s Casa\",\"sameAs\":[\"http:\/\/ideahotel.es\"],\"url\":\"https:\/\/mascasaverde.org\/index.php\/author\/ideahotel-ext\/\"}]}<\/script>\n<!-- \/ Yoast SEO plugin. -->","yoast_head_json":{"title":"Imaginando las \"nuevas casas\" - Mas Casa Verde","robots":{"index":"index","follow":"follow","max-snippet":"max-snippet:-1","max-image-preview":"max-image-preview:large","max-video-preview":"max-video-preview:-1"},"canonical":"https:\/\/mascasaverde.org\/index.php\/2023\/12\/01\/imaginando-las-nuevas-casas\/","og_locale":"en_US","og_type":"article","og_title":"Imaginando las \"nuevas casas\" - Mas Casa Verde","og_description":"\u00a1Hola! Durante este mes de noviembre, el equipo de M\u00e1s Casa ha salido un poquito m\u00e1s a la calle. Adem\u00e1s de seguir manteniendo espacios de coordinaci\u00f3n con los y las profesionales de los Servicios Sociales y de Salud Mental de Parla y Tetu\u00e1n para hablar de las familias que podr\u00edan ser derivadas al proyecto, hemos [&hellip;]","og_url":"https:\/\/mascasaverde.org\/index.php\/2023\/12\/01\/imaginando-las-nuevas-casas\/","og_site_name":"Mas Casa Verde","article_published_time":"2023-12-01T12:56:19+00:00","article_modified_time":"2023-12-01T13:32:42+00:00","og_image":[{"width":2560,"height":1920,"url":"https:\/\/mascasaverde.org\/wp-content\/uploads\/2023\/12\/20231129_081901-scaled.jpg","type":"image\/jpeg"}],"author":"M\u00e1s Casa","twitter_card":"summary_large_image","twitter_misc":{"Written by":"M\u00e1s Casa","Est. reading time":"1 minute"},"schema":{"@context":"https:\/\/schema.org","@graph":[{"@type":"WebPage","@id":"https:\/\/mascasaverde.org\/index.php\/2023\/12\/01\/imaginando-las-nuevas-casas\/","url":"https:\/\/mascasaverde.org\/index.php\/2023\/12\/01\/imaginando-las-nuevas-casas\/","name":"Imaginando las \"nuevas casas\" - Mas Casa Verde","isPartOf":{"@id":"https:\/\/mascasaverde.org\/#website"},"datePublished":"2023-12-01T12:56:19+00:00","dateModified":"2023-12-01T13:32:42+00:00","author":{"@id":"https:\/\/mascasaverde.org\/#\/schema\/person\/3a2c5d2514d17262754e77c4f4ac4172"},"breadcrumb":{"@id":"https:\/\/mascasaverde.org\/index.php\/2023\/12\/01\/imaginando-las-nuevas-casas\/#breadcrumb"},"inLanguage":"en-US","potentialAction":[{"@type":"ReadAction","target":["https:\/\/mascasaverde.org\/index.php\/2023\/12\/01\/imaginando-las-nuevas-casas\/"]}]},{"@type":"BreadcrumbList","@id":"https:\/\/mascasaverde.org\/index.php\/2023\/12\/01\/imaginando-las-nuevas-casas\/#breadcrumb","itemListElement":[{"@type":"ListItem","position":1,"name":"Portada","item":"https:\/\/mascasaverde.org\/"},{"@type":"ListItem","position":2,"name":"Imaginando las &#8220;nuevas casas&#8221;"}]},{"@type":"WebSite","@id":"https:\/\/mascasaverde.org\/#website","url":"https:\/\/mascasaverde.org\/","name":"Mas Casa Verde","description":"Un proyecto de Fundaci\u00f3n Manantial","potentialAction":[{"@type":"SearchAction","target":{"@type":"EntryPoint","urlTemplate":"https:\/\/mascasaverde.org\/?s={search_term_string}"},"query-input":"required name=search_term_string"}],"inLanguage":"en-US"},{"@type":"Person","@id":"https:\/\/mascasaverde.org\/#\/schema\/person\/3a2c5d2514d17262754e77c4f4ac4172","name":"M\u00e1s Casa","sameAs":["http:\/\/ideahotel.es"],"url":"https:\/\/mascasaverde.org\/index.php\/author\/ideahotel-ext\/"}]}},"_links":{"self":[{"href":"https:\/\/mascasaverde.org\/index.php\/wp-json\/wp\/v2\/posts\/160","targetHints":{"allow":["GET"]}}],"collection":[{"href":"https:\/\/mascasaverde.org\/index.php\/wp-json\/wp\/v2\/posts"}],"about":[{"href":"https:\/\/mascasaverde.org\/index.php\/wp-json\/wp\/v2\/types\/post"}],"author":[{"embeddable":true,"href":"https:\/\/mascasaverde.org\/index.php\/wp-json\/wp\/v2\/users\/3"}],"replies":[{"embeddable":true,"href":"https:\/\/mascasaverde.org\/index.php\/wp-json\/wp\/v2\/comments?post=160"}],"version-history":[{"count":4,"href":"https:\/\/mascasaverde.org\/index.php\/wp-json\/wp\/v2\/posts\/160\/revisions"}],"predecessor-version":[{"id":165,"href":"https:\/\/mascasaverde.org\/index.php\/wp-json\/wp\/v2\/posts\/160\/revisions\/165"}],"wp:featuredmedia":[{"embeddable":true,"href":"https:\/\/mascasaverde.org\/index.php\/wp-json\/wp\/v2\/media\/161"}],"wp:attachment":[{"href":"https:\/\/mascasaverde.org\/index.php\/wp-json\/wp\/v2\/media?parent=160"}],"wp:term":[{"taxonomy":"category","embeddable":true,"href":"https:\/\/mascasaverde.org\/index.php\/wp-json\/wp\/v2\/categories?post=160"},{"taxonomy":"post_tag","embeddable":true,"href":"https:\/\/mascasaverde.org\/index.php\/wp-json\/wp\/v2\/tags?post=160"}],"curies":[{"name":"wp","href":"https:\/\/api.w.org\/{rel}","templated":true}]}}