{"id":155,"date":"2023-11-08T15:00:33","date_gmt":"2023-11-08T15:00:33","guid":{"rendered":"https:\/\/mascasaverde.org\/?p=155"},"modified":"2023-11-08T15:00:33","modified_gmt":"2023-11-08T15:00:33","slug":"continua-la-gira","status":"publish","type":"post","link":"https:\/\/mascasaverde.org\/index.php\/2023\/11\/08\/continua-la-gira\/","title":{"rendered":"Contin\u00faa la &#8220;gira&#8221;"},"content":{"rendered":"<p>Como ya os ven\u00edamos contando, llevamos una semanas visitando los diferentes servicios de salud mental y servicios sociales con los que estamos generando una estrecha colaboraci\u00f3n.<\/p>\n<p>A\u00fan nos quedan varios encuentros que mantener con diferentes agentes en esta &#8220;gira&#8221;, y esperamos que sean tan fruct\u00edferos como el de esta ma\u00f1ana con los y las profesionales del Centro de Atenci\u00f3n a la Infancia (CAI5) del distrito de Tetu\u00e1n. Nos han escuchado con o\u00eddos atentos, y no han perdido la oportunidad de &#8220;entrar en harina&#8221; empezando a pensar con nosotros en los casos de familias que podr\u00edan beneficiarse del trabajo que estamos preparando.<\/p>\n<p>Gracias a toda de toda esta red de colaboraci\u00f3n que se est\u00e1 generando nuestras &#8220;casas&#8221; van cogiendo forma para que puedan estar listas para todas esas\u00a0 familias que las van a &#8220;habitar&#8221;.<\/p>\n<p>M\u00e1s Casa est\u00e1 financiado por los fondos Next Generation\u00a0de la Uni\u00f3n Europea a trav\u00e9s del Plan de Transformaci\u00f3n, Recuperaci\u00f3n y Resiliencia del Gobierno de Espa\u00f1a, y de la Consejer\u00eda de Juventud, Familia y Asuntos Sociales de la Comunidad de Madrid.<\/p>\n","protected":false},"excerpt":{"rendered":"<p>Como ya os ven\u00edamos contando, llevamos una semanas visitando los diferentes servicios de salud mental y servicios sociales con los que estamos generando una estrecha colaboraci\u00f3n. A\u00fan nos quedan varios encuentros que mantener con diferentes agentes en esta &#8220;gira&#8221;, y esperamos que sean tan fruct\u00edferos como el de esta ma\u00f1ana con los y las profesionales [&hellip;]<\/p>\n","protected":false},"author":3,"featured_media":156,"comment_status":"closed","ping_status":"closed","sticky":false,"template":"","format":"standard","meta":{"_et_pb_use_builder":"","_et_pb_old_content":"","_et_gb_content_width":"","footnotes":""},"categories":[1],"tags":[],"class_list":["post-155","post","type-post","status-publish","format-standard","has-post-thumbnail","hentry","category-sin-categoria"],"yoast_head":"<!-- This site is optimized with the Yoast SEO plugin v20.6 - https:\/\/yoast.com\/wordpress\/plugins\/seo\/ -->\n<title>Contin\u00faa la &quot;gira&quot; - Mas Casa Verde<\/title>\n<meta name=\"robots\" content=\"index, follow, max-snippet:-1, max-image-preview:large, max-video-preview:-1\" \/>\n<link rel=\"canonical\" href=\"https:\/\/mascasaverde.org\/index.php\/2023\/11\/08\/continua-la-gira\/\" \/>\n<meta property=\"og:locale\" content=\"en_US\" \/>\n<meta property=\"og:type\" content=\"article\" \/>\n<meta property=\"og:title\" content=\"Contin\u00faa la &quot;gira&quot; - Mas Casa Verde\" \/>\n<meta property=\"og:description\" content=\"Como ya os ven\u00edamos contando, llevamos una semanas visitando los diferentes servicios de salud mental y servicios sociales con los que estamos generando una estrecha colaboraci\u00f3n. A\u00fan nos quedan varios encuentros que mantener con diferentes agentes en esta &#8220;gira&#8221;, y esperamos que sean tan fruct\u00edferos como el de esta ma\u00f1ana con los y las profesionales [&hellip;]\" \/>\n<meta property=\"og:url\" content=\"https:\/\/mascasaverde.org\/index.php\/2023\/11\/08\/continua-la-gira\/\" \/>\n<meta property=\"og:site_name\" content=\"Mas Casa Verde\" \/>\n<meta property=\"article:published_time\" content=\"2023-11-08T15:00:33+00:00\" \/>\n<meta property=\"og:image\" content=\"https:\/\/mascasaverde.org\/wp-content\/uploads\/2023\/11\/IMG-20231108-WA0006.jpg\" \/>\n\t<meta property=\"og:image:width\" content=\"1600\" \/>\n\t<meta property=\"og:image:height\" content=\"1200\" \/>\n\t<meta property=\"og:image:type\" content=\"image\/jpeg\" \/>\n<meta name=\"author\" content=\"M\u00e1s Casa\" \/>\n<meta name=\"twitter:card\" content=\"summary_large_image\" \/>\n<meta name=\"twitter:label1\" content=\"Written by\" \/>\n\t<meta name=\"twitter:data1\" content=\"M\u00e1s Casa\" \/>\n\t<meta name=\"twitter:label2\" content=\"Est. reading time\" \/>\n\t<meta name=\"twitter:data2\" content=\"1 minute\" \/>\n<script type=\"application\/ld+json\" class=\"yoast-schema-graph\">{\"@context\":\"https:\/\/schema.org\",\"@graph\":[{\"@type\":\"WebPage\",\"@id\":\"https:\/\/mascasaverde.org\/index.php\/2023\/11\/08\/continua-la-gira\/\",\"url\":\"https:\/\/mascasaverde.org\/index.php\/2023\/11\/08\/continua-la-gira\/\",\"name\":\"Contin\u00faa la \\\"gira\\\" - Mas Casa Verde\",\"isPartOf\":{\"@id\":\"https:\/\/mascasaverde.org\/#website\"},\"datePublished\":\"2023-11-08T15:00:33+00:00\",\"dateModified\":\"2023-11-08T15:00:33+00:00\",\"author\":{\"@id\":\"https:\/\/mascasaverde.org\/#\/schema\/person\/3a2c5d2514d17262754e77c4f4ac4172\"},\"breadcrumb\":{\"@id\":\"https:\/\/mascasaverde.org\/index.php\/2023\/11\/08\/continua-la-gira\/#breadcrumb\"},\"inLanguage\":\"en-US\",\"potentialAction\":[{\"@type\":\"ReadAction\",\"target\":[\"https:\/\/mascasaverde.org\/index.php\/2023\/11\/08\/continua-la-gira\/\"]}]},{\"@type\":\"BreadcrumbList\",\"@id\":\"https:\/\/mascasaverde.org\/index.php\/2023\/11\/08\/continua-la-gira\/#breadcrumb\",\"itemListElement\":[{\"@type\":\"ListItem\",\"position\":1,\"name\":\"Portada\",\"item\":\"https:\/\/mascasaverde.org\/\"},{\"@type\":\"ListItem\",\"position\":2,\"name\":\"Contin\u00faa la &#8220;gira&#8221;\"}]},{\"@type\":\"WebSite\",\"@id\":\"https:\/\/mascasaverde.org\/#website\",\"url\":\"https:\/\/mascasaverde.org\/\",\"name\":\"Mas Casa Verde\",\"description\":\"Un proyecto de Fundaci\u00f3n Manantial\",\"potentialAction\":[{\"@type\":\"SearchAction\",\"target\":{\"@type\":\"EntryPoint\",\"urlTemplate\":\"https:\/\/mascasaverde.org\/?s={search_term_string}\"},\"query-input\":\"required name=search_term_string\"}],\"inLanguage\":\"en-US\"},{\"@type\":\"Person\",\"@id\":\"https:\/\/mascasaverde.org\/#\/schema\/person\/3a2c5d2514d17262754e77c4f4ac4172\",\"name\":\"M\u00e1s Casa\",\"sameAs\":[\"http:\/\/ideahotel.es\"],\"url\":\"https:\/\/mascasaverde.org\/index.php\/author\/ideahotel-ext\/\"}]}<\/script>\n<!-- \/ Yoast SEO plugin. -->","yoast_head_json":{"title":"Contin\u00faa la \"gira\" - Mas Casa Verde","robots":{"index":"index","follow":"follow","max-snippet":"max-snippet:-1","max-image-preview":"max-image-preview:large","max-video-preview":"max-video-preview:-1"},"canonical":"https:\/\/mascasaverde.org\/index.php\/2023\/11\/08\/continua-la-gira\/","og_locale":"en_US","og_type":"article","og_title":"Contin\u00faa la \"gira\" - Mas Casa Verde","og_description":"Como ya os ven\u00edamos contando, llevamos una semanas visitando los diferentes servicios de salud mental y servicios sociales con los que estamos generando una estrecha colaboraci\u00f3n. A\u00fan nos quedan varios encuentros que mantener con diferentes agentes en esta &#8220;gira&#8221;, y esperamos que sean tan fruct\u00edferos como el de esta ma\u00f1ana con los y las profesionales [&hellip;]","og_url":"https:\/\/mascasaverde.org\/index.php\/2023\/11\/08\/continua-la-gira\/","og_site_name":"Mas Casa Verde","article_published_time":"2023-11-08T15:00:33+00:00","og_image":[{"width":1600,"height":1200,"url":"https:\/\/mascasaverde.org\/wp-content\/uploads\/2023\/11\/IMG-20231108-WA0006.jpg","type":"image\/jpeg"}],"author":"M\u00e1s Casa","twitter_card":"summary_large_image","twitter_misc":{"Written by":"M\u00e1s Casa","Est. reading time":"1 minute"},"schema":{"@context":"https:\/\/schema.org","@graph":[{"@type":"WebPage","@id":"https:\/\/mascasaverde.org\/index.php\/2023\/11\/08\/continua-la-gira\/","url":"https:\/\/mascasaverde.org\/index.php\/2023\/11\/08\/continua-la-gira\/","name":"Contin\u00faa la \"gira\" - Mas Casa Verde","isPartOf":{"@id":"https:\/\/mascasaverde.org\/#website"},"datePublished":"2023-11-08T15:00:33+00:00","dateModified":"2023-11-08T15:00:33+00:00","author":{"@id":"https:\/\/mascasaverde.org\/#\/schema\/person\/3a2c5d2514d17262754e77c4f4ac4172"},"breadcrumb":{"@id":"https:\/\/mascasaverde.org\/index.php\/2023\/11\/08\/continua-la-gira\/#breadcrumb"},"inLanguage":"en-US","potentialAction":[{"@type":"ReadAction","target":["https:\/\/mascasaverde.org\/index.php\/2023\/11\/08\/continua-la-gira\/"]}]},{"@type":"BreadcrumbList","@id":"https:\/\/mascasaverde.org\/index.php\/2023\/11\/08\/continua-la-gira\/#breadcrumb","itemListElement":[{"@type":"ListItem","position":1,"name":"Portada","item":"https:\/\/mascasaverde.org\/"},{"@type":"ListItem","position":2,"name":"Contin\u00faa la &#8220;gira&#8221;"}]},{"@type":"WebSite","@id":"https:\/\/mascasaverde.org\/#website","url":"https:\/\/mascasaverde.org\/","name":"Mas Casa Verde","description":"Un proyecto de Fundaci\u00f3n Manantial","potentialAction":[{"@type":"SearchAction","target":{"@type":"EntryPoint","urlTemplate":"https:\/\/mascasaverde.org\/?s={search_term_string}"},"query-input":"required name=search_term_string"}],"inLanguage":"en-US"},{"@type":"Person","@id":"https:\/\/mascasaverde.org\/#\/schema\/person\/3a2c5d2514d17262754e77c4f4ac4172","name":"M\u00e1s Casa","sameAs":["http:\/\/ideahotel.es"],"url":"https:\/\/mascasaverde.org\/index.php\/author\/ideahotel-ext\/"}]}},"_links":{"self":[{"href":"https:\/\/mascasaverde.org\/index.php\/wp-json\/wp\/v2\/posts\/155","targetHints":{"allow":["GET"]}}],"collection":[{"href":"https:\/\/mascasaverde.org\/index.php\/wp-json\/wp\/v2\/posts"}],"about":[{"href":"https:\/\/mascasaverde.org\/index.php\/wp-json\/wp\/v2\/types\/post"}],"author":[{"embeddable":true,"href":"https:\/\/mascasaverde.org\/index.php\/wp-json\/wp\/v2\/users\/3"}],"replies":[{"embeddable":true,"href":"https:\/\/mascasaverde.org\/index.php\/wp-json\/wp\/v2\/comments?post=155"}],"version-history":[{"count":2,"href":"https:\/\/mascasaverde.org\/index.php\/wp-json\/wp\/v2\/posts\/155\/revisions"}],"predecessor-version":[{"id":158,"href":"https:\/\/mascasaverde.org\/index.php\/wp-json\/wp\/v2\/posts\/155\/revisions\/158"}],"wp:featuredmedia":[{"embeddable":true,"href":"https:\/\/mascasaverde.org\/index.php\/wp-json\/wp\/v2\/media\/156"}],"wp:attachment":[{"href":"https:\/\/mascasaverde.org\/index.php\/wp-json\/wp\/v2\/media?parent=155"}],"wp:term":[{"taxonomy":"category","embeddable":true,"href":"https:\/\/mascasaverde.org\/index.php\/wp-json\/wp\/v2\/categories?post=155"},{"taxonomy":"post_tag","embeddable":true,"href":"https:\/\/mascasaverde.org\/index.php\/wp-json\/wp\/v2\/tags?post=155"}],"curies":[{"name":"wp","href":"https:\/\/api.w.org\/{rel}","templated":true}]}}