{"id":145,"date":"2023-10-20T11:01:55","date_gmt":"2023-10-20T11:01:55","guid":{"rendered":"https:\/\/mascasaverde.org\/?p=145"},"modified":"2024-08-08T12:12:34","modified_gmt":"2024-08-08T12:12:34","slug":"siguiente-parada-tetuan","status":"publish","type":"post","link":"https:\/\/mascasaverde.org\/index.php\/2023\/10\/20\/siguiente-parada-tetuan\/","title":{"rendered":"Siguiente parada: Tetu\u00e1n"},"content":{"rendered":"<p>Como ya os adelantamos en la noticia anterior, estamos de &#8220;gira&#8221;.<\/p>\n<p>Esta semana os tenemos que contar que el equipo de M\u00e1s Casa ha presentado el proyecto en el distrito de Tetu\u00e1n de la ciudad de Madrid.<\/p>\n<p>Primero, nos reunimos con los responsables de los servicios sociales y de salud mental, en un encuentro conjunto en el que pudimos desgranar m\u00e1s detalles del proyecto para buscar v\u00edas de colaboraci\u00f3n, y despu\u00e9s tuvimos la oportunidad de empezar a pensar en las familias del distrito que podr\u00e1n beneficiarse de las intervenciones del proyecto con el equipo de profesionales del centro de salud mental.<\/p>\n<p>De nuevo, solo tenemos palabras de agradecimiento por la hospitalidad y por toda la energ\u00eda puesta en un trabajo conjunto.<\/p>\n<p>Os dejamos una imagen del encuentro con el equipo de salud mental del Tetu\u00e1n \ud83d\ude42<\/p>\n<p><span style=\"font-weight: 400;\">El proyecto est\u00e1 financiado por los<\/span><a href=\"https:\/\/next-generation-eu.europa.eu\/index_es\"> <span style=\"font-weight: 400;\">fondos NextGenerationEU de la Uni\u00f3n Europea<\/span><\/a><span style=\"font-weight: 400;\"> a trav\u00e9s del <\/span><a href=\"https:\/\/planderecuperacion.gob.es\/\"><span style=\"font-weight: 400;\">Plan de Transformaci\u00f3n, Recuperaci\u00f3n y Resiliencia del Gobierno de Espa\u00f1a<\/span><\/a><span style=\"font-weight: 400;\">, a trav\u00e9s de la convocatoria de proyectos piloto de innovaci\u00f3n social de la <\/span><a href=\"https:\/\/www.comunidad.madrid\/transparencia\/unidad-organizativa-responsable\/consejeria-familia-juventud-y-asuntos-sociales\"><span style=\"font-weight: 400;\">Consejer\u00eda de Juventud, Familia y Asuntos Sociales<\/span><\/a><span style=\"font-weight: 400;\"> de la Comunidad de Madrid.<\/span><\/p>\n<p>Para m\u00e1s informaci\u00f3n sobre nuestro proyecto y servicios, visita nuestra p\u00e1gina web y s\u00edguenos en nuestras redes sociales.<\/p>\n","protected":false},"excerpt":{"rendered":"<p>Como ya os adelantamos en la noticia anterior, estamos de &#8220;gira&#8221;. Esta semana os tenemos que contar que el equipo de M\u00e1s Casa ha presentado el proyecto en el distrito de Tetu\u00e1n de la ciudad de Madrid. Primero, nos reunimos con los responsables de los servicios sociales y de salud mental, en un encuentro conjunto [&hellip;]<\/p>\n","protected":false},"author":3,"featured_media":146,"comment_status":"closed","ping_status":"closed","sticky":false,"template":"","format":"standard","meta":{"_et_pb_use_builder":"","_et_pb_old_content":"","_et_gb_content_width":"","footnotes":""},"categories":[1],"tags":[],"class_list":["post-145","post","type-post","status-publish","format-standard","has-post-thumbnail","hentry","category-sin-categoria"],"yoast_head":"<!-- This site is optimized with the Yoast SEO plugin v20.6 - https:\/\/yoast.com\/wordpress\/plugins\/seo\/ -->\n<title>Siguiente parada: Tetu\u00e1n - Mas Casa Verde<\/title>\n<meta name=\"robots\" content=\"index, follow, max-snippet:-1, max-image-preview:large, max-video-preview:-1\" \/>\n<link rel=\"canonical\" href=\"https:\/\/mascasaverde.org\/index.php\/2023\/10\/20\/siguiente-parada-tetuan\/\" \/>\n<meta property=\"og:locale\" content=\"en_US\" \/>\n<meta property=\"og:type\" content=\"article\" \/>\n<meta property=\"og:title\" content=\"Siguiente parada: Tetu\u00e1n - Mas Casa Verde\" \/>\n<meta property=\"og:description\" content=\"Como ya os adelantamos en la noticia anterior, estamos de &#8220;gira&#8221;. Esta semana os tenemos que contar que el equipo de M\u00e1s Casa ha presentado el proyecto en el distrito de Tetu\u00e1n de la ciudad de Madrid. Primero, nos reunimos con los responsables de los servicios sociales y de salud mental, en un encuentro conjunto [&hellip;]\" \/>\n<meta property=\"og:url\" content=\"https:\/\/mascasaverde.org\/index.php\/2023\/10\/20\/siguiente-parada-tetuan\/\" \/>\n<meta property=\"og:site_name\" content=\"Mas Casa Verde\" \/>\n<meta property=\"article:published_time\" content=\"2023-10-20T11:01:55+00:00\" \/>\n<meta property=\"article:modified_time\" content=\"2024-08-08T12:12:34+00:00\" \/>\n<meta property=\"og:image\" content=\"https:\/\/mascasaverde.org\/wp-content\/uploads\/2023\/10\/IMG-20231019-WA0003.jpg\" \/>\n\t<meta property=\"og:image:width\" content=\"1600\" \/>\n\t<meta property=\"og:image:height\" content=\"1200\" \/>\n\t<meta property=\"og:image:type\" content=\"image\/jpeg\" \/>\n<meta name=\"author\" content=\"M\u00e1s Casa\" \/>\n<meta name=\"twitter:card\" content=\"summary_large_image\" \/>\n<meta name=\"twitter:label1\" content=\"Written by\" \/>\n\t<meta name=\"twitter:data1\" content=\"M\u00e1s Casa\" \/>\n\t<meta name=\"twitter:label2\" content=\"Est. reading time\" \/>\n\t<meta name=\"twitter:data2\" content=\"1 minute\" \/>\n<script type=\"application\/ld+json\" class=\"yoast-schema-graph\">{\"@context\":\"https:\/\/schema.org\",\"@graph\":[{\"@type\":\"WebPage\",\"@id\":\"https:\/\/mascasaverde.org\/index.php\/2023\/10\/20\/siguiente-parada-tetuan\/\",\"url\":\"https:\/\/mascasaverde.org\/index.php\/2023\/10\/20\/siguiente-parada-tetuan\/\",\"name\":\"Siguiente parada: Tetu\u00e1n - Mas Casa Verde\",\"isPartOf\":{\"@id\":\"https:\/\/mascasaverde.org\/#website\"},\"datePublished\":\"2023-10-20T11:01:55+00:00\",\"dateModified\":\"2024-08-08T12:12:34+00:00\",\"author\":{\"@id\":\"https:\/\/mascasaverde.org\/#\/schema\/person\/3a2c5d2514d17262754e77c4f4ac4172\"},\"breadcrumb\":{\"@id\":\"https:\/\/mascasaverde.org\/index.php\/2023\/10\/20\/siguiente-parada-tetuan\/#breadcrumb\"},\"inLanguage\":\"en-US\",\"potentialAction\":[{\"@type\":\"ReadAction\",\"target\":[\"https:\/\/mascasaverde.org\/index.php\/2023\/10\/20\/siguiente-parada-tetuan\/\"]}]},{\"@type\":\"BreadcrumbList\",\"@id\":\"https:\/\/mascasaverde.org\/index.php\/2023\/10\/20\/siguiente-parada-tetuan\/#breadcrumb\",\"itemListElement\":[{\"@type\":\"ListItem\",\"position\":1,\"name\":\"Portada\",\"item\":\"https:\/\/mascasaverde.org\/\"},{\"@type\":\"ListItem\",\"position\":2,\"name\":\"Siguiente parada: Tetu\u00e1n\"}]},{\"@type\":\"WebSite\",\"@id\":\"https:\/\/mascasaverde.org\/#website\",\"url\":\"https:\/\/mascasaverde.org\/\",\"name\":\"Mas Casa Verde\",\"description\":\"Un proyecto de Fundaci\u00f3n Manantial\",\"potentialAction\":[{\"@type\":\"SearchAction\",\"target\":{\"@type\":\"EntryPoint\",\"urlTemplate\":\"https:\/\/mascasaverde.org\/?s={search_term_string}\"},\"query-input\":\"required name=search_term_string\"}],\"inLanguage\":\"en-US\"},{\"@type\":\"Person\",\"@id\":\"https:\/\/mascasaverde.org\/#\/schema\/person\/3a2c5d2514d17262754e77c4f4ac4172\",\"name\":\"M\u00e1s Casa\",\"sameAs\":[\"http:\/\/ideahotel.es\"],\"url\":\"https:\/\/mascasaverde.org\/index.php\/author\/ideahotel-ext\/\"}]}<\/script>\n<!-- \/ Yoast SEO plugin. -->","yoast_head_json":{"title":"Siguiente parada: Tetu\u00e1n - Mas Casa Verde","robots":{"index":"index","follow":"follow","max-snippet":"max-snippet:-1","max-image-preview":"max-image-preview:large","max-video-preview":"max-video-preview:-1"},"canonical":"https:\/\/mascasaverde.org\/index.php\/2023\/10\/20\/siguiente-parada-tetuan\/","og_locale":"en_US","og_type":"article","og_title":"Siguiente parada: Tetu\u00e1n - Mas Casa Verde","og_description":"Como ya os adelantamos en la noticia anterior, estamos de &#8220;gira&#8221;. Esta semana os tenemos que contar que el equipo de M\u00e1s Casa ha presentado el proyecto en el distrito de Tetu\u00e1n de la ciudad de Madrid. Primero, nos reunimos con los responsables de los servicios sociales y de salud mental, en un encuentro conjunto [&hellip;]","og_url":"https:\/\/mascasaverde.org\/index.php\/2023\/10\/20\/siguiente-parada-tetuan\/","og_site_name":"Mas Casa Verde","article_published_time":"2023-10-20T11:01:55+00:00","article_modified_time":"2024-08-08T12:12:34+00:00","og_image":[{"width":1600,"height":1200,"url":"https:\/\/mascasaverde.org\/wp-content\/uploads\/2023\/10\/IMG-20231019-WA0003.jpg","type":"image\/jpeg"}],"author":"M\u00e1s Casa","twitter_card":"summary_large_image","twitter_misc":{"Written by":"M\u00e1s Casa","Est. reading time":"1 minute"},"schema":{"@context":"https:\/\/schema.org","@graph":[{"@type":"WebPage","@id":"https:\/\/mascasaverde.org\/index.php\/2023\/10\/20\/siguiente-parada-tetuan\/","url":"https:\/\/mascasaverde.org\/index.php\/2023\/10\/20\/siguiente-parada-tetuan\/","name":"Siguiente parada: Tetu\u00e1n - Mas Casa Verde","isPartOf":{"@id":"https:\/\/mascasaverde.org\/#website"},"datePublished":"2023-10-20T11:01:55+00:00","dateModified":"2024-08-08T12:12:34+00:00","author":{"@id":"https:\/\/mascasaverde.org\/#\/schema\/person\/3a2c5d2514d17262754e77c4f4ac4172"},"breadcrumb":{"@id":"https:\/\/mascasaverde.org\/index.php\/2023\/10\/20\/siguiente-parada-tetuan\/#breadcrumb"},"inLanguage":"en-US","potentialAction":[{"@type":"ReadAction","target":["https:\/\/mascasaverde.org\/index.php\/2023\/10\/20\/siguiente-parada-tetuan\/"]}]},{"@type":"BreadcrumbList","@id":"https:\/\/mascasaverde.org\/index.php\/2023\/10\/20\/siguiente-parada-tetuan\/#breadcrumb","itemListElement":[{"@type":"ListItem","position":1,"name":"Portada","item":"https:\/\/mascasaverde.org\/"},{"@type":"ListItem","position":2,"name":"Siguiente parada: Tetu\u00e1n"}]},{"@type":"WebSite","@id":"https:\/\/mascasaverde.org\/#website","url":"https:\/\/mascasaverde.org\/","name":"Mas Casa Verde","description":"Un proyecto de Fundaci\u00f3n Manantial","potentialAction":[{"@type":"SearchAction","target":{"@type":"EntryPoint","urlTemplate":"https:\/\/mascasaverde.org\/?s={search_term_string}"},"query-input":"required name=search_term_string"}],"inLanguage":"en-US"},{"@type":"Person","@id":"https:\/\/mascasaverde.org\/#\/schema\/person\/3a2c5d2514d17262754e77c4f4ac4172","name":"M\u00e1s Casa","sameAs":["http:\/\/ideahotel.es"],"url":"https:\/\/mascasaverde.org\/index.php\/author\/ideahotel-ext\/"}]}},"_links":{"self":[{"href":"https:\/\/mascasaverde.org\/index.php\/wp-json\/wp\/v2\/posts\/145","targetHints":{"allow":["GET"]}}],"collection":[{"href":"https:\/\/mascasaverde.org\/index.php\/wp-json\/wp\/v2\/posts"}],"about":[{"href":"https:\/\/mascasaverde.org\/index.php\/wp-json\/wp\/v2\/types\/post"}],"author":[{"embeddable":true,"href":"https:\/\/mascasaverde.org\/index.php\/wp-json\/wp\/v2\/users\/3"}],"replies":[{"embeddable":true,"href":"https:\/\/mascasaverde.org\/index.php\/wp-json\/wp\/v2\/comments?post=145"}],"version-history":[{"count":2,"href":"https:\/\/mascasaverde.org\/index.php\/wp-json\/wp\/v2\/posts\/145\/revisions"}],"predecessor-version":[{"id":216,"href":"https:\/\/mascasaverde.org\/index.php\/wp-json\/wp\/v2\/posts\/145\/revisions\/216"}],"wp:featuredmedia":[{"embeddable":true,"href":"https:\/\/mascasaverde.org\/index.php\/wp-json\/wp\/v2\/media\/146"}],"wp:attachment":[{"href":"https:\/\/mascasaverde.org\/index.php\/wp-json\/wp\/v2\/media?parent=145"}],"wp:term":[{"taxonomy":"category","embeddable":true,"href":"https:\/\/mascasaverde.org\/index.php\/wp-json\/wp\/v2\/categories?post=145"},{"taxonomy":"post_tag","embeddable":true,"href":"https:\/\/mascasaverde.org\/index.php\/wp-json\/wp\/v2\/tags?post=145"}],"curies":[{"name":"wp","href":"https:\/\/api.w.org\/{rel}","templated":true}]}}