{"id":136,"date":"2023-10-06T10:22:49","date_gmt":"2023-10-06T10:22:49","guid":{"rendered":"https:\/\/mascasaverde.org\/?p=136"},"modified":"2024-08-08T12:12:22","modified_gmt":"2024-08-08T12:12:22","slug":"comenzamos-la-gira","status":"publish","type":"post","link":"https:\/\/mascasaverde.org\/index.php\/2023\/10\/06\/comenzamos-la-gira\/","title":{"rendered":"\u00a1Comenzamos &#8220;la gira&#8221;!"},"content":{"rendered":"<p>Esta semana, hemos empezado con las presentaciones del proyecto a los servicios de salud mental que estar\u00e1n involucrados en su desarrollo, y no podemos estar m\u00e1s contentos por la buena acogida que hemos recibido. En esta ocasi\u00f3n, nos hemos acercado hasta el Hospital Infanta Cristina de Parla para contarles los detalles de M\u00e1s Casa a los y las profesionales del servicio, y charlar sobre las posibilidades de colaboraci\u00f3n.<\/p>\n<p>Estamos muy agradecidos por el entusiasmo mostrado y tenemos muchas ganas de empezar a trabajar juntos.<\/p>\n<p>Os seguiremos contando las siguientes &#8220;paradas de la gira&#8221; \ud83d\ude42<\/p>\n<p><span style=\"font-weight: 400;\">El proyecto est\u00e1 financiado por los<\/span><a href=\"https:\/\/next-generation-eu.europa.eu\/index_es\"> <span style=\"font-weight: 400;\">fondos NextGenerationEU de la Uni\u00f3n Europea<\/span><\/a><span style=\"font-weight: 400;\"> a trav\u00e9s del <\/span><a href=\"https:\/\/planderecuperacion.gob.es\/\"><span style=\"font-weight: 400;\">Plan de Transformaci\u00f3n, Recuperaci\u00f3n y Resiliencia del Gobierno de Espa\u00f1a<\/span><\/a><span style=\"font-weight: 400;\">, a trav\u00e9s de la convocatoria de proyectos piloto de innovaci\u00f3n social de la <\/span><a href=\"https:\/\/www.comunidad.madrid\/transparencia\/unidad-organizativa-responsable\/consejeria-familia-juventud-y-asuntos-sociales\"><span style=\"font-weight: 400;\">Consejer\u00eda de Juventud, Familia y Asuntos Sociales<\/span><\/a><span style=\"font-weight: 400;\"> de la Comunidad de Madrid.<\/span><\/p>\n<p>Para m\u00e1s informaci\u00f3n sobre nuestro proyecto y servicios, visita nuestra p\u00e1gina web y s\u00edguenos en nuestras redes sociales.<\/p>\n","protected":false},"excerpt":{"rendered":"<p>Esta semana, hemos empezado con las presentaciones del proyecto a los servicios de salud mental que estar\u00e1n involucrados en su desarrollo, y no podemos estar m\u00e1s contentos por la buena acogida que hemos recibido. En esta ocasi\u00f3n, nos hemos acercado hasta el Hospital Infanta Cristina de Parla para contarles los detalles de M\u00e1s Casa a [&hellip;]<\/p>\n","protected":false},"author":3,"featured_media":139,"comment_status":"closed","ping_status":"closed","sticky":false,"template":"","format":"standard","meta":{"_et_pb_use_builder":"","_et_pb_old_content":"","_et_gb_content_width":"","footnotes":""},"categories":[1],"tags":[],"class_list":["post-136","post","type-post","status-publish","format-standard","has-post-thumbnail","hentry","category-sin-categoria"],"yoast_head":"<!-- This site is optimized with the Yoast SEO plugin v20.6 - https:\/\/yoast.com\/wordpress\/plugins\/seo\/ -->\n<title>\u00a1Comenzamos &quot;la gira&quot;! - Mas Casa Verde<\/title>\n<meta name=\"robots\" content=\"index, follow, max-snippet:-1, max-image-preview:large, max-video-preview:-1\" \/>\n<link rel=\"canonical\" href=\"https:\/\/mascasaverde.org\/index.php\/2023\/10\/06\/comenzamos-la-gira\/\" \/>\n<meta property=\"og:locale\" content=\"en_US\" \/>\n<meta property=\"og:type\" content=\"article\" \/>\n<meta property=\"og:title\" content=\"\u00a1Comenzamos &quot;la gira&quot;! - Mas Casa Verde\" \/>\n<meta property=\"og:description\" content=\"Esta semana, hemos empezado con las presentaciones del proyecto a los servicios de salud mental que estar\u00e1n involucrados en su desarrollo, y no podemos estar m\u00e1s contentos por la buena acogida que hemos recibido. En esta ocasi\u00f3n, nos hemos acercado hasta el Hospital Infanta Cristina de Parla para contarles los detalles de M\u00e1s Casa a [&hellip;]\" \/>\n<meta property=\"og:url\" content=\"https:\/\/mascasaverde.org\/index.php\/2023\/10\/06\/comenzamos-la-gira\/\" \/>\n<meta property=\"og:site_name\" content=\"Mas Casa Verde\" \/>\n<meta property=\"article:published_time\" content=\"2023-10-06T10:22:49+00:00\" \/>\n<meta property=\"article:modified_time\" content=\"2024-08-08T12:12:22+00:00\" \/>\n<meta property=\"og:image\" content=\"https:\/\/mascasaverde.org\/wp-content\/uploads\/2023\/10\/IMG-20231005-WA0000.jpg\" \/>\n\t<meta property=\"og:image:width\" content=\"1599\" \/>\n\t<meta property=\"og:image:height\" content=\"1186\" \/>\n\t<meta property=\"og:image:type\" content=\"image\/jpeg\" \/>\n<meta name=\"author\" content=\"M\u00e1s Casa\" \/>\n<meta name=\"twitter:card\" content=\"summary_large_image\" \/>\n<meta name=\"twitter:label1\" content=\"Written by\" \/>\n\t<meta name=\"twitter:data1\" content=\"M\u00e1s Casa\" \/>\n\t<meta name=\"twitter:label2\" content=\"Est. reading time\" \/>\n\t<meta name=\"twitter:data2\" content=\"1 minute\" \/>\n<script type=\"application\/ld+json\" class=\"yoast-schema-graph\">{\"@context\":\"https:\/\/schema.org\",\"@graph\":[{\"@type\":\"WebPage\",\"@id\":\"https:\/\/mascasaverde.org\/index.php\/2023\/10\/06\/comenzamos-la-gira\/\",\"url\":\"https:\/\/mascasaverde.org\/index.php\/2023\/10\/06\/comenzamos-la-gira\/\",\"name\":\"\u00a1Comenzamos \\\"la gira\\\"! - Mas Casa Verde\",\"isPartOf\":{\"@id\":\"https:\/\/mascasaverde.org\/#website\"},\"datePublished\":\"2023-10-06T10:22:49+00:00\",\"dateModified\":\"2024-08-08T12:12:22+00:00\",\"author\":{\"@id\":\"https:\/\/mascasaverde.org\/#\/schema\/person\/3a2c5d2514d17262754e77c4f4ac4172\"},\"breadcrumb\":{\"@id\":\"https:\/\/mascasaverde.org\/index.php\/2023\/10\/06\/comenzamos-la-gira\/#breadcrumb\"},\"inLanguage\":\"en-US\",\"potentialAction\":[{\"@type\":\"ReadAction\",\"target\":[\"https:\/\/mascasaverde.org\/index.php\/2023\/10\/06\/comenzamos-la-gira\/\"]}]},{\"@type\":\"BreadcrumbList\",\"@id\":\"https:\/\/mascasaverde.org\/index.php\/2023\/10\/06\/comenzamos-la-gira\/#breadcrumb\",\"itemListElement\":[{\"@type\":\"ListItem\",\"position\":1,\"name\":\"Portada\",\"item\":\"https:\/\/mascasaverde.org\/\"},{\"@type\":\"ListItem\",\"position\":2,\"name\":\"\u00a1Comenzamos &#8220;la gira&#8221;!\"}]},{\"@type\":\"WebSite\",\"@id\":\"https:\/\/mascasaverde.org\/#website\",\"url\":\"https:\/\/mascasaverde.org\/\",\"name\":\"Mas Casa Verde\",\"description\":\"Un proyecto de Fundaci\u00f3n Manantial\",\"potentialAction\":[{\"@type\":\"SearchAction\",\"target\":{\"@type\":\"EntryPoint\",\"urlTemplate\":\"https:\/\/mascasaverde.org\/?s={search_term_string}\"},\"query-input\":\"required name=search_term_string\"}],\"inLanguage\":\"en-US\"},{\"@type\":\"Person\",\"@id\":\"https:\/\/mascasaverde.org\/#\/schema\/person\/3a2c5d2514d17262754e77c4f4ac4172\",\"name\":\"M\u00e1s Casa\",\"sameAs\":[\"http:\/\/ideahotel.es\"],\"url\":\"https:\/\/mascasaverde.org\/index.php\/author\/ideahotel-ext\/\"}]}<\/script>\n<!-- \/ Yoast SEO plugin. -->","yoast_head_json":{"title":"\u00a1Comenzamos \"la gira\"! - Mas Casa Verde","robots":{"index":"index","follow":"follow","max-snippet":"max-snippet:-1","max-image-preview":"max-image-preview:large","max-video-preview":"max-video-preview:-1"},"canonical":"https:\/\/mascasaverde.org\/index.php\/2023\/10\/06\/comenzamos-la-gira\/","og_locale":"en_US","og_type":"article","og_title":"\u00a1Comenzamos \"la gira\"! - Mas Casa Verde","og_description":"Esta semana, hemos empezado con las presentaciones del proyecto a los servicios de salud mental que estar\u00e1n involucrados en su desarrollo, y no podemos estar m\u00e1s contentos por la buena acogida que hemos recibido. En esta ocasi\u00f3n, nos hemos acercado hasta el Hospital Infanta Cristina de Parla para contarles los detalles de M\u00e1s Casa a [&hellip;]","og_url":"https:\/\/mascasaverde.org\/index.php\/2023\/10\/06\/comenzamos-la-gira\/","og_site_name":"Mas Casa Verde","article_published_time":"2023-10-06T10:22:49+00:00","article_modified_time":"2024-08-08T12:12:22+00:00","og_image":[{"width":1599,"height":1186,"url":"https:\/\/mascasaverde.org\/wp-content\/uploads\/2023\/10\/IMG-20231005-WA0000.jpg","type":"image\/jpeg"}],"author":"M\u00e1s Casa","twitter_card":"summary_large_image","twitter_misc":{"Written by":"M\u00e1s Casa","Est. reading time":"1 minute"},"schema":{"@context":"https:\/\/schema.org","@graph":[{"@type":"WebPage","@id":"https:\/\/mascasaverde.org\/index.php\/2023\/10\/06\/comenzamos-la-gira\/","url":"https:\/\/mascasaverde.org\/index.php\/2023\/10\/06\/comenzamos-la-gira\/","name":"\u00a1Comenzamos \"la gira\"! - Mas Casa Verde","isPartOf":{"@id":"https:\/\/mascasaverde.org\/#website"},"datePublished":"2023-10-06T10:22:49+00:00","dateModified":"2024-08-08T12:12:22+00:00","author":{"@id":"https:\/\/mascasaverde.org\/#\/schema\/person\/3a2c5d2514d17262754e77c4f4ac4172"},"breadcrumb":{"@id":"https:\/\/mascasaverde.org\/index.php\/2023\/10\/06\/comenzamos-la-gira\/#breadcrumb"},"inLanguage":"en-US","potentialAction":[{"@type":"ReadAction","target":["https:\/\/mascasaverde.org\/index.php\/2023\/10\/06\/comenzamos-la-gira\/"]}]},{"@type":"BreadcrumbList","@id":"https:\/\/mascasaverde.org\/index.php\/2023\/10\/06\/comenzamos-la-gira\/#breadcrumb","itemListElement":[{"@type":"ListItem","position":1,"name":"Portada","item":"https:\/\/mascasaverde.org\/"},{"@type":"ListItem","position":2,"name":"\u00a1Comenzamos &#8220;la gira&#8221;!"}]},{"@type":"WebSite","@id":"https:\/\/mascasaverde.org\/#website","url":"https:\/\/mascasaverde.org\/","name":"Mas Casa Verde","description":"Un proyecto de Fundaci\u00f3n Manantial","potentialAction":[{"@type":"SearchAction","target":{"@type":"EntryPoint","urlTemplate":"https:\/\/mascasaverde.org\/?s={search_term_string}"},"query-input":"required name=search_term_string"}],"inLanguage":"en-US"},{"@type":"Person","@id":"https:\/\/mascasaverde.org\/#\/schema\/person\/3a2c5d2514d17262754e77c4f4ac4172","name":"M\u00e1s Casa","sameAs":["http:\/\/ideahotel.es"],"url":"https:\/\/mascasaverde.org\/index.php\/author\/ideahotel-ext\/"}]}},"_links":{"self":[{"href":"https:\/\/mascasaverde.org\/index.php\/wp-json\/wp\/v2\/posts\/136","targetHints":{"allow":["GET"]}}],"collection":[{"href":"https:\/\/mascasaverde.org\/index.php\/wp-json\/wp\/v2\/posts"}],"about":[{"href":"https:\/\/mascasaverde.org\/index.php\/wp-json\/wp\/v2\/types\/post"}],"author":[{"embeddable":true,"href":"https:\/\/mascasaverde.org\/index.php\/wp-json\/wp\/v2\/users\/3"}],"replies":[{"embeddable":true,"href":"https:\/\/mascasaverde.org\/index.php\/wp-json\/wp\/v2\/comments?post=136"}],"version-history":[{"count":7,"href":"https:\/\/mascasaverde.org\/index.php\/wp-json\/wp\/v2\/posts\/136\/revisions"}],"predecessor-version":[{"id":215,"href":"https:\/\/mascasaverde.org\/index.php\/wp-json\/wp\/v2\/posts\/136\/revisions\/215"}],"wp:featuredmedia":[{"embeddable":true,"href":"https:\/\/mascasaverde.org\/index.php\/wp-json\/wp\/v2\/media\/139"}],"wp:attachment":[{"href":"https:\/\/mascasaverde.org\/index.php\/wp-json\/wp\/v2\/media?parent=136"}],"wp:term":[{"taxonomy":"category","embeddable":true,"href":"https:\/\/mascasaverde.org\/index.php\/wp-json\/wp\/v2\/categories?post=136"},{"taxonomy":"post_tag","embeddable":true,"href":"https:\/\/mascasaverde.org\/index.php\/wp-json\/wp\/v2\/tags?post=136"}],"curies":[{"name":"wp","href":"https:\/\/api.w.org\/{rel}","templated":true}]}}