{"id":132,"date":"2023-09-29T08:39:55","date_gmt":"2023-09-29T08:39:55","guid":{"rendered":"https:\/\/mascasaverde.org\/?p=132"},"modified":"2024-08-08T12:12:14","modified_gmt":"2024-08-08T12:12:14","slug":"nos-presentamos","status":"publish","type":"post","link":"https:\/\/mascasaverde.org\/index.php\/2023\/09\/29\/nos-presentamos\/","title":{"rendered":"\u00a1Nos presentamos!"},"content":{"rendered":"<p>Nos sentimos muy emocionadas de poder contaros que esta semana hemos presentado \u201cM\u00e1s Casa\u201d \ud83d\ude42<\/p>\n<p>A principios de esta semana tuvimos un encuentro muy acogedor en el \u201csal\u00f3n\u201d de Casa Verde, en el que no s\u00f3lo desgranamos los detalles de nuestro proyecto de innovaci\u00f3n social sino que tambi\u00e9n compartimos conversaciones muy interesantes. Nuestra querida &#8220;Casa Verde&#8221; nos explic\u00f3 c\u00f3mo ha sido su trabajo todos estos a\u00f1os con las familias atendidas para garantizar la igualdad de oportunidades para las personas con problemas de salud mental o malestar emocional y sus hijos e hijas.<\/p>\n<p>En este encuentro encontramos muchos puntos en com\u00fan entre el quipo del proyecto, los profesionales de servicios sociales, de los servicios de salud mental y entidades colaboradoras que acudieron al evento, que nos hacen terminar la semana con muchas ganas de comenzar a trabajar juntos en esta aventura.<\/p>\n<p>Para que nos vay\u00e1is poniendo cara, os dejamos una imagen del equipo.<\/p>\n<p><span style=\"font-weight: 400;\">El proyecto est\u00e1 financiado por los<\/span><a href=\"https:\/\/next-generation-eu.europa.eu\/index_es\"> <span style=\"font-weight: 400;\">fondos NextGenerationEU de la Uni\u00f3n Europea<\/span><\/a><span style=\"font-weight: 400;\"> a trav\u00e9s del <\/span><a href=\"https:\/\/planderecuperacion.gob.es\/\"><span style=\"font-weight: 400;\">Plan de Transformaci\u00f3n, Recuperaci\u00f3n y Resiliencia del Gobierno de Espa\u00f1a<\/span><\/a><span style=\"font-weight: 400;\">, a trav\u00e9s de la convocatoria de proyectos piloto de innovaci\u00f3n social de la <\/span><a href=\"https:\/\/www.comunidad.madrid\/transparencia\/unidad-organizativa-responsable\/consejeria-familia-juventud-y-asuntos-sociales\"><span style=\"font-weight: 400;\">Consejer\u00eda de Juventud, Familia y Asuntos Sociales<\/span><\/a><span style=\"font-weight: 400;\"> de la Comunidad de Madrid.<\/span><\/p>\n<p>Para m\u00e1s informaci\u00f3n sobre nuestro proyecto y servicios, visita nuestra p\u00e1gina web y s\u00edguenos en nuestras redes sociales.<\/p>\n","protected":false},"excerpt":{"rendered":"<p>Nos sentimos muy emocionadas de poder contaros que esta semana hemos presentado \u201cM\u00e1s Casa\u201d \ud83d\ude42 A principios de esta semana tuvimos un encuentro muy acogedor en el \u201csal\u00f3n\u201d de Casa Verde, en el que no s\u00f3lo desgranamos los detalles de nuestro proyecto de innovaci\u00f3n social sino que tambi\u00e9n compartimos conversaciones muy interesantes. Nuestra querida &#8220;Casa [&hellip;]<\/p>\n","protected":false},"author":3,"featured_media":133,"comment_status":"closed","ping_status":"closed","sticky":false,"template":"","format":"standard","meta":{"_et_pb_use_builder":"","_et_pb_old_content":"","_et_gb_content_width":"","footnotes":""},"categories":[1],"tags":[],"class_list":["post-132","post","type-post","status-publish","format-standard","has-post-thumbnail","hentry","category-sin-categoria"],"yoast_head":"<!-- This site is optimized with the Yoast SEO plugin v20.6 - https:\/\/yoast.com\/wordpress\/plugins\/seo\/ -->\n<title>\u00a1Nos presentamos! - Mas Casa Verde<\/title>\n<meta name=\"robots\" content=\"index, follow, max-snippet:-1, max-image-preview:large, max-video-preview:-1\" \/>\n<link rel=\"canonical\" href=\"https:\/\/mascasaverde.org\/index.php\/2023\/09\/29\/nos-presentamos\/\" \/>\n<meta property=\"og:locale\" content=\"en_US\" \/>\n<meta property=\"og:type\" content=\"article\" \/>\n<meta property=\"og:title\" content=\"\u00a1Nos presentamos! - Mas Casa Verde\" \/>\n<meta property=\"og:description\" content=\"Nos sentimos muy emocionadas de poder contaros que esta semana hemos presentado \u201cM\u00e1s Casa\u201d \ud83d\ude42 A principios de esta semana tuvimos un encuentro muy acogedor en el \u201csal\u00f3n\u201d de Casa Verde, en el que no s\u00f3lo desgranamos los detalles de nuestro proyecto de innovaci\u00f3n social sino que tambi\u00e9n compartimos conversaciones muy interesantes. Nuestra querida &#8220;Casa [&hellip;]\" \/>\n<meta property=\"og:url\" content=\"https:\/\/mascasaverde.org\/index.php\/2023\/09\/29\/nos-presentamos\/\" \/>\n<meta property=\"og:site_name\" content=\"Mas Casa Verde\" \/>\n<meta property=\"article:published_time\" content=\"2023-09-29T08:39:55+00:00\" \/>\n<meta property=\"article:modified_time\" content=\"2024-08-08T12:12:14+00:00\" \/>\n<meta property=\"og:image\" content=\"https:\/\/mascasaverde.org\/wp-content\/uploads\/2023\/09\/20230926_121626-scaled.jpg\" \/>\n\t<meta property=\"og:image:width\" content=\"2560\" \/>\n\t<meta property=\"og:image:height\" content=\"1920\" \/>\n\t<meta property=\"og:image:type\" content=\"image\/jpeg\" \/>\n<meta name=\"author\" content=\"M\u00e1s Casa\" \/>\n<meta name=\"twitter:card\" content=\"summary_large_image\" \/>\n<meta name=\"twitter:label1\" content=\"Written by\" \/>\n\t<meta name=\"twitter:data1\" content=\"M\u00e1s Casa\" \/>\n\t<meta name=\"twitter:label2\" content=\"Est. reading time\" \/>\n\t<meta name=\"twitter:data2\" content=\"1 minute\" \/>\n<script type=\"application\/ld+json\" class=\"yoast-schema-graph\">{\"@context\":\"https:\/\/schema.org\",\"@graph\":[{\"@type\":\"WebPage\",\"@id\":\"https:\/\/mascasaverde.org\/index.php\/2023\/09\/29\/nos-presentamos\/\",\"url\":\"https:\/\/mascasaverde.org\/index.php\/2023\/09\/29\/nos-presentamos\/\",\"name\":\"\u00a1Nos presentamos! - Mas Casa Verde\",\"isPartOf\":{\"@id\":\"https:\/\/mascasaverde.org\/#website\"},\"datePublished\":\"2023-09-29T08:39:55+00:00\",\"dateModified\":\"2024-08-08T12:12:14+00:00\",\"author\":{\"@id\":\"https:\/\/mascasaverde.org\/#\/schema\/person\/3a2c5d2514d17262754e77c4f4ac4172\"},\"breadcrumb\":{\"@id\":\"https:\/\/mascasaverde.org\/index.php\/2023\/09\/29\/nos-presentamos\/#breadcrumb\"},\"inLanguage\":\"en-US\",\"potentialAction\":[{\"@type\":\"ReadAction\",\"target\":[\"https:\/\/mascasaverde.org\/index.php\/2023\/09\/29\/nos-presentamos\/\"]}]},{\"@type\":\"BreadcrumbList\",\"@id\":\"https:\/\/mascasaverde.org\/index.php\/2023\/09\/29\/nos-presentamos\/#breadcrumb\",\"itemListElement\":[{\"@type\":\"ListItem\",\"position\":1,\"name\":\"Portada\",\"item\":\"https:\/\/mascasaverde.org\/\"},{\"@type\":\"ListItem\",\"position\":2,\"name\":\"\u00a1Nos presentamos!\"}]},{\"@type\":\"WebSite\",\"@id\":\"https:\/\/mascasaverde.org\/#website\",\"url\":\"https:\/\/mascasaverde.org\/\",\"name\":\"Mas Casa Verde\",\"description\":\"Un proyecto de Fundaci\u00f3n Manantial\",\"potentialAction\":[{\"@type\":\"SearchAction\",\"target\":{\"@type\":\"EntryPoint\",\"urlTemplate\":\"https:\/\/mascasaverde.org\/?s={search_term_string}\"},\"query-input\":\"required name=search_term_string\"}],\"inLanguage\":\"en-US\"},{\"@type\":\"Person\",\"@id\":\"https:\/\/mascasaverde.org\/#\/schema\/person\/3a2c5d2514d17262754e77c4f4ac4172\",\"name\":\"M\u00e1s Casa\",\"sameAs\":[\"http:\/\/ideahotel.es\"],\"url\":\"https:\/\/mascasaverde.org\/index.php\/author\/ideahotel-ext\/\"}]}<\/script>\n<!-- \/ Yoast SEO plugin. -->","yoast_head_json":{"title":"\u00a1Nos presentamos! - Mas Casa Verde","robots":{"index":"index","follow":"follow","max-snippet":"max-snippet:-1","max-image-preview":"max-image-preview:large","max-video-preview":"max-video-preview:-1"},"canonical":"https:\/\/mascasaverde.org\/index.php\/2023\/09\/29\/nos-presentamos\/","og_locale":"en_US","og_type":"article","og_title":"\u00a1Nos presentamos! - Mas Casa Verde","og_description":"Nos sentimos muy emocionadas de poder contaros que esta semana hemos presentado \u201cM\u00e1s Casa\u201d \ud83d\ude42 A principios de esta semana tuvimos un encuentro muy acogedor en el \u201csal\u00f3n\u201d de Casa Verde, en el que no s\u00f3lo desgranamos los detalles de nuestro proyecto de innovaci\u00f3n social sino que tambi\u00e9n compartimos conversaciones muy interesantes. Nuestra querida &#8220;Casa [&hellip;]","og_url":"https:\/\/mascasaverde.org\/index.php\/2023\/09\/29\/nos-presentamos\/","og_site_name":"Mas Casa Verde","article_published_time":"2023-09-29T08:39:55+00:00","article_modified_time":"2024-08-08T12:12:14+00:00","og_image":[{"width":2560,"height":1920,"url":"https:\/\/mascasaverde.org\/wp-content\/uploads\/2023\/09\/20230926_121626-scaled.jpg","type":"image\/jpeg"}],"author":"M\u00e1s Casa","twitter_card":"summary_large_image","twitter_misc":{"Written by":"M\u00e1s Casa","Est. reading time":"1 minute"},"schema":{"@context":"https:\/\/schema.org","@graph":[{"@type":"WebPage","@id":"https:\/\/mascasaverde.org\/index.php\/2023\/09\/29\/nos-presentamos\/","url":"https:\/\/mascasaverde.org\/index.php\/2023\/09\/29\/nos-presentamos\/","name":"\u00a1Nos presentamos! - Mas Casa Verde","isPartOf":{"@id":"https:\/\/mascasaverde.org\/#website"},"datePublished":"2023-09-29T08:39:55+00:00","dateModified":"2024-08-08T12:12:14+00:00","author":{"@id":"https:\/\/mascasaverde.org\/#\/schema\/person\/3a2c5d2514d17262754e77c4f4ac4172"},"breadcrumb":{"@id":"https:\/\/mascasaverde.org\/index.php\/2023\/09\/29\/nos-presentamos\/#breadcrumb"},"inLanguage":"en-US","potentialAction":[{"@type":"ReadAction","target":["https:\/\/mascasaverde.org\/index.php\/2023\/09\/29\/nos-presentamos\/"]}]},{"@type":"BreadcrumbList","@id":"https:\/\/mascasaverde.org\/index.php\/2023\/09\/29\/nos-presentamos\/#breadcrumb","itemListElement":[{"@type":"ListItem","position":1,"name":"Portada","item":"https:\/\/mascasaverde.org\/"},{"@type":"ListItem","position":2,"name":"\u00a1Nos presentamos!"}]},{"@type":"WebSite","@id":"https:\/\/mascasaverde.org\/#website","url":"https:\/\/mascasaverde.org\/","name":"Mas Casa Verde","description":"Un proyecto de Fundaci\u00f3n Manantial","potentialAction":[{"@type":"SearchAction","target":{"@type":"EntryPoint","urlTemplate":"https:\/\/mascasaverde.org\/?s={search_term_string}"},"query-input":"required name=search_term_string"}],"inLanguage":"en-US"},{"@type":"Person","@id":"https:\/\/mascasaverde.org\/#\/schema\/person\/3a2c5d2514d17262754e77c4f4ac4172","name":"M\u00e1s Casa","sameAs":["http:\/\/ideahotel.es"],"url":"https:\/\/mascasaverde.org\/index.php\/author\/ideahotel-ext\/"}]}},"_links":{"self":[{"href":"https:\/\/mascasaverde.org\/index.php\/wp-json\/wp\/v2\/posts\/132","targetHints":{"allow":["GET"]}}],"collection":[{"href":"https:\/\/mascasaverde.org\/index.php\/wp-json\/wp\/v2\/posts"}],"about":[{"href":"https:\/\/mascasaverde.org\/index.php\/wp-json\/wp\/v2\/types\/post"}],"author":[{"embeddable":true,"href":"https:\/\/mascasaverde.org\/index.php\/wp-json\/wp\/v2\/users\/3"}],"replies":[{"embeddable":true,"href":"https:\/\/mascasaverde.org\/index.php\/wp-json\/wp\/v2\/comments?post=132"}],"version-history":[{"count":2,"href":"https:\/\/mascasaverde.org\/index.php\/wp-json\/wp\/v2\/posts\/132\/revisions"}],"predecessor-version":[{"id":213,"href":"https:\/\/mascasaverde.org\/index.php\/wp-json\/wp\/v2\/posts\/132\/revisions\/213"}],"wp:featuredmedia":[{"embeddable":true,"href":"https:\/\/mascasaverde.org\/index.php\/wp-json\/wp\/v2\/media\/133"}],"wp:attachment":[{"href":"https:\/\/mascasaverde.org\/index.php\/wp-json\/wp\/v2\/media?parent=132"}],"wp:term":[{"taxonomy":"category","embeddable":true,"href":"https:\/\/mascasaverde.org\/index.php\/wp-json\/wp\/v2\/categories?post=132"},{"taxonomy":"post_tag","embeddable":true,"href":"https:\/\/mascasaverde.org\/index.php\/wp-json\/wp\/v2\/tags?post=132"}],"curies":[{"name":"wp","href":"https:\/\/api.w.org\/{rel}","templated":true}]}}