{"id":126,"date":"2023-09-27T10:40:26","date_gmt":"2023-09-27T10:40:26","guid":{"rendered":"https:\/\/mascasaverde.org\/?p=126"},"modified":"2024-08-08T12:12:06","modified_gmt":"2024-08-08T12:12:06","slug":"conoce-nuestro-proyecto","status":"publish","type":"post","link":"https:\/\/mascasaverde.org\/index.php\/2023\/09\/27\/conoce-nuestro-proyecto\/","title":{"rendered":"Conoce nuestro proyecto \ud83c\udfac"},"content":{"rendered":"<p>Os dejamos con un v\u00eddeo explicativo del proyecto &#8220;M\u00e1s Casa&#8221;, en el que podr\u00e9is saber algo m\u00e1s sobre su prop\u00f3sito.<\/p>\n<p>Esperamos que os guste tanto como a nosotr@s <img loading=\"lazy\" decoding=\"async\" class=\"iiJ4W alignleft\" src=\"https:\/\/fonts.gstatic.com\/s\/e\/notoemoji\/15.0\/2764_fe0f\/72.png\" alt=\"\u2764\ufe0f\" width=\"20\" height=\"20\" data-emoji=\"\u2764\ufe0f\" aria-label=\"\u2764\ufe0f\" \/><\/p>\n<p><iframe loading=\"lazy\" title=\"YouTube video player\" src=\"https:\/\/www.youtube.com\/embed\/RDezhN0966I?si=6uuCgHrxtM__R214\" width=\"560\" height=\"315\" frameborder=\"0\" allowfullscreen=\"allowfullscreen\"><\/iframe><\/p>\n<p><span style=\"font-weight: 400;\">El proyecto est\u00e1 financiado por los<\/span><a href=\"https:\/\/next-generation-eu.europa.eu\/index_es\"> <span style=\"font-weight: 400;\">fondos NextGenerationEU de la Uni\u00f3n Europea<\/span><\/a><span style=\"font-weight: 400;\"> a trav\u00e9s del <\/span><a href=\"https:\/\/planderecuperacion.gob.es\/\"><span style=\"font-weight: 400;\">Plan de Transformaci\u00f3n, Recuperaci\u00f3n y Resiliencia del Gobierno de Espa\u00f1a<\/span><\/a><span style=\"font-weight: 400;\">, a trav\u00e9s de la convocatoria de proyectos piloto de innovaci\u00f3n social de la <\/span><a href=\"https:\/\/www.comunidad.madrid\/transparencia\/unidad-organizativa-responsable\/consejeria-familia-juventud-y-asuntos-sociales\"><span style=\"font-weight: 400;\">Consejer\u00eda de Juventud, Familia y Asuntos Sociales<\/span><\/a><span style=\"font-weight: 400;\"> de la Comunidad de Madrid.<\/span><\/p>\n<p>Para m\u00e1s informaci\u00f3n sobre nuestro proyecto y servicios, visita nuestra p\u00e1gina web y s\u00edguenos en nuestras redes sociales.<\/p>\n","protected":false},"excerpt":{"rendered":"<p>Os dejamos con un v\u00eddeo explicativo del proyecto &#8220;M\u00e1s Casa&#8221;, en el que podr\u00e9is saber algo m\u00e1s sobre su prop\u00f3sito. Esperamos que os guste tanto como a nosotr@s El proyecto est\u00e1 financiado por los fondos NextGenerationEU de la Uni\u00f3n Europea a trav\u00e9s del Plan de Transformaci\u00f3n, Recuperaci\u00f3n y Resiliencia del Gobierno de Espa\u00f1a, a trav\u00e9s [&hellip;]<\/p>\n","protected":false},"author":3,"featured_media":129,"comment_status":"closed","ping_status":"closed","sticky":false,"template":"","format":"standard","meta":{"_et_pb_use_builder":"","_et_pb_old_content":"","_et_gb_content_width":"","footnotes":""},"categories":[1],"tags":[22,6,31,40,4],"class_list":["post-126","post","type-post","status-publish","format-standard","has-post-thumbnail","hentry","category-sin-categoria","tag-fundacion-manantial","tag-infancia","tag-nextgeneration","tag-prevencion","tag-salud-mental"],"yoast_head":"<!-- This site is optimized with the Yoast SEO plugin v20.6 - https:\/\/yoast.com\/wordpress\/plugins\/seo\/ -->\n<title>Conoce nuestro proyecto \ud83c\udfac - Mas Casa Verde<\/title>\n<meta name=\"description\" content=\"V\u00eddeo presentaci\u00f3n del proyecto piloto de innovaci\u00f3n social &quot;M\u00e1s Casa&quot;\" \/>\n<meta name=\"robots\" content=\"index, follow, max-snippet:-1, max-image-preview:large, max-video-preview:-1\" \/>\n<link rel=\"canonical\" href=\"https:\/\/mascasaverde.org\/index.php\/2023\/09\/27\/conoce-nuestro-proyecto\/\" \/>\n<meta property=\"og:locale\" content=\"en_US\" \/>\n<meta property=\"og:type\" content=\"article\" \/>\n<meta property=\"og:title\" content=\"Mas Casa Verde V\u00eddeo presentaci\u00f3n del proyecto piloto de innovaci\u00f3n social &quot;M\u00e1s Casa&quot;\" \/>\n<meta property=\"og:description\" content=\"V\u00eddeo presentaci\u00f3n del proyecto piloto de innovaci\u00f3n social &quot;M\u00e1s Casa&quot;\" \/>\n<meta property=\"og:url\" content=\"https:\/\/mascasaverde.org\/index.php\/2023\/09\/27\/conoce-nuestro-proyecto\/\" \/>\n<meta property=\"og:site_name\" content=\"Mas Casa Verde\" \/>\n<meta property=\"article:published_time\" content=\"2023-09-27T10:40:26+00:00\" \/>\n<meta property=\"article:modified_time\" content=\"2024-08-08T12:12:06+00:00\" \/>\n<meta property=\"og:image\" content=\"https:\/\/mascasaverde.org\/wp-content\/uploads\/2023\/09\/video-mas-casa-1.jpg\" \/>\n\t<meta property=\"og:image:width\" content=\"978\" \/>\n\t<meta property=\"og:image:height\" content=\"543\" \/>\n\t<meta property=\"og:image:type\" content=\"image\/jpeg\" \/>\n<meta name=\"author\" content=\"M\u00e1s Casa\" \/>\n<meta name=\"twitter:card\" content=\"summary_large_image\" \/>\n<meta name=\"twitter:title\" content=\"V\u00eddeo presentaci\u00f3n del proyecto piloto de innovaci\u00f3n social &quot;M\u00e1s Casa&quot; Mas Casa Verde\" \/>\n<meta name=\"twitter:image\" content=\"https:\/\/mascasaverde.org\/wp-content\/uploads\/2023\/09\/video-mas-casa-1.jpg\" \/>\n<meta name=\"twitter:label1\" content=\"Written by\" \/>\n\t<meta name=\"twitter:data1\" content=\"M\u00e1s Casa\" \/>\n\t<meta name=\"twitter:label2\" content=\"Est. reading time\" \/>\n\t<meta name=\"twitter:data2\" content=\"1 minute\" \/>\n<script type=\"application\/ld+json\" class=\"yoast-schema-graph\">{\"@context\":\"https:\/\/schema.org\",\"@graph\":[{\"@type\":\"WebPage\",\"@id\":\"https:\/\/mascasaverde.org\/index.php\/2023\/09\/27\/conoce-nuestro-proyecto\/\",\"url\":\"https:\/\/mascasaverde.org\/index.php\/2023\/09\/27\/conoce-nuestro-proyecto\/\",\"name\":\"Conoce nuestro proyecto \ud83c\udfac - Mas Casa Verde\",\"isPartOf\":{\"@id\":\"https:\/\/mascasaverde.org\/#website\"},\"datePublished\":\"2023-09-27T10:40:26+00:00\",\"dateModified\":\"2024-08-08T12:12:06+00:00\",\"author\":{\"@id\":\"https:\/\/mascasaverde.org\/#\/schema\/person\/3a2c5d2514d17262754e77c4f4ac4172\"},\"description\":\"V\u00eddeo presentaci\u00f3n del proyecto piloto de innovaci\u00f3n social \\\"M\u00e1s Casa\\\"\",\"breadcrumb\":{\"@id\":\"https:\/\/mascasaverde.org\/index.php\/2023\/09\/27\/conoce-nuestro-proyecto\/#breadcrumb\"},\"inLanguage\":\"en-US\",\"potentialAction\":[{\"@type\":\"ReadAction\",\"target\":[\"https:\/\/mascasaverde.org\/index.php\/2023\/09\/27\/conoce-nuestro-proyecto\/\"]}]},{\"@type\":\"BreadcrumbList\",\"@id\":\"https:\/\/mascasaverde.org\/index.php\/2023\/09\/27\/conoce-nuestro-proyecto\/#breadcrumb\",\"itemListElement\":[{\"@type\":\"ListItem\",\"position\":1,\"name\":\"Portada\",\"item\":\"https:\/\/mascasaverde.org\/\"},{\"@type\":\"ListItem\",\"position\":2,\"name\":\"Conoce nuestro proyecto \ud83c\udfac\"}]},{\"@type\":\"WebSite\",\"@id\":\"https:\/\/mascasaverde.org\/#website\",\"url\":\"https:\/\/mascasaverde.org\/\",\"name\":\"Mas Casa Verde\",\"description\":\"Un proyecto de Fundaci\u00f3n Manantial\",\"potentialAction\":[{\"@type\":\"SearchAction\",\"target\":{\"@type\":\"EntryPoint\",\"urlTemplate\":\"https:\/\/mascasaverde.org\/?s={search_term_string}\"},\"query-input\":\"required name=search_term_string\"}],\"inLanguage\":\"en-US\"},{\"@type\":\"Person\",\"@id\":\"https:\/\/mascasaverde.org\/#\/schema\/person\/3a2c5d2514d17262754e77c4f4ac4172\",\"name\":\"M\u00e1s Casa\",\"sameAs\":[\"http:\/\/ideahotel.es\"],\"url\":\"https:\/\/mascasaverde.org\/index.php\/author\/ideahotel-ext\/\"}]}<\/script>\n<!-- \/ Yoast SEO plugin. -->","yoast_head_json":{"title":"Conoce nuestro proyecto \ud83c\udfac - Mas Casa Verde","description":"V\u00eddeo presentaci\u00f3n del proyecto piloto de innovaci\u00f3n social \"M\u00e1s Casa\"","robots":{"index":"index","follow":"follow","max-snippet":"max-snippet:-1","max-image-preview":"max-image-preview:large","max-video-preview":"max-video-preview:-1"},"canonical":"https:\/\/mascasaverde.org\/index.php\/2023\/09\/27\/conoce-nuestro-proyecto\/","og_locale":"en_US","og_type":"article","og_title":"Mas Casa Verde V\u00eddeo presentaci\u00f3n del proyecto piloto de innovaci\u00f3n social \"M\u00e1s Casa\"","og_description":"V\u00eddeo presentaci\u00f3n del proyecto piloto de innovaci\u00f3n social \"M\u00e1s Casa\"","og_url":"https:\/\/mascasaverde.org\/index.php\/2023\/09\/27\/conoce-nuestro-proyecto\/","og_site_name":"Mas Casa Verde","article_published_time":"2023-09-27T10:40:26+00:00","article_modified_time":"2024-08-08T12:12:06+00:00","og_image":[{"width":978,"height":543,"url":"https:\/\/mascasaverde.org\/wp-content\/uploads\/2023\/09\/video-mas-casa-1.jpg","type":"image\/jpeg"}],"author":"M\u00e1s Casa","twitter_card":"summary_large_image","twitter_title":"V\u00eddeo presentaci\u00f3n del proyecto piloto de innovaci\u00f3n social \"M\u00e1s Casa\" Mas Casa Verde","twitter_image":"https:\/\/mascasaverde.org\/wp-content\/uploads\/2023\/09\/video-mas-casa-1.jpg","twitter_misc":{"Written by":"M\u00e1s Casa","Est. reading time":"1 minute"},"schema":{"@context":"https:\/\/schema.org","@graph":[{"@type":"WebPage","@id":"https:\/\/mascasaverde.org\/index.php\/2023\/09\/27\/conoce-nuestro-proyecto\/","url":"https:\/\/mascasaverde.org\/index.php\/2023\/09\/27\/conoce-nuestro-proyecto\/","name":"Conoce nuestro proyecto \ud83c\udfac - Mas Casa Verde","isPartOf":{"@id":"https:\/\/mascasaverde.org\/#website"},"datePublished":"2023-09-27T10:40:26+00:00","dateModified":"2024-08-08T12:12:06+00:00","author":{"@id":"https:\/\/mascasaverde.org\/#\/schema\/person\/3a2c5d2514d17262754e77c4f4ac4172"},"description":"V\u00eddeo presentaci\u00f3n del proyecto piloto de innovaci\u00f3n social \"M\u00e1s Casa\"","breadcrumb":{"@id":"https:\/\/mascasaverde.org\/index.php\/2023\/09\/27\/conoce-nuestro-proyecto\/#breadcrumb"},"inLanguage":"en-US","potentialAction":[{"@type":"ReadAction","target":["https:\/\/mascasaverde.org\/index.php\/2023\/09\/27\/conoce-nuestro-proyecto\/"]}]},{"@type":"BreadcrumbList","@id":"https:\/\/mascasaverde.org\/index.php\/2023\/09\/27\/conoce-nuestro-proyecto\/#breadcrumb","itemListElement":[{"@type":"ListItem","position":1,"name":"Portada","item":"https:\/\/mascasaverde.org\/"},{"@type":"ListItem","position":2,"name":"Conoce nuestro proyecto \ud83c\udfac"}]},{"@type":"WebSite","@id":"https:\/\/mascasaverde.org\/#website","url":"https:\/\/mascasaverde.org\/","name":"Mas Casa Verde","description":"Un proyecto de Fundaci\u00f3n Manantial","potentialAction":[{"@type":"SearchAction","target":{"@type":"EntryPoint","urlTemplate":"https:\/\/mascasaverde.org\/?s={search_term_string}"},"query-input":"required name=search_term_string"}],"inLanguage":"en-US"},{"@type":"Person","@id":"https:\/\/mascasaverde.org\/#\/schema\/person\/3a2c5d2514d17262754e77c4f4ac4172","name":"M\u00e1s Casa","sameAs":["http:\/\/ideahotel.es"],"url":"https:\/\/mascasaverde.org\/index.php\/author\/ideahotel-ext\/"}]}},"_links":{"self":[{"href":"https:\/\/mascasaverde.org\/index.php\/wp-json\/wp\/v2\/posts\/126","targetHints":{"allow":["GET"]}}],"collection":[{"href":"https:\/\/mascasaverde.org\/index.php\/wp-json\/wp\/v2\/posts"}],"about":[{"href":"https:\/\/mascasaverde.org\/index.php\/wp-json\/wp\/v2\/types\/post"}],"author":[{"embeddable":true,"href":"https:\/\/mascasaverde.org\/index.php\/wp-json\/wp\/v2\/users\/3"}],"replies":[{"embeddable":true,"href":"https:\/\/mascasaverde.org\/index.php\/wp-json\/wp\/v2\/comments?post=126"}],"version-history":[{"count":3,"href":"https:\/\/mascasaverde.org\/index.php\/wp-json\/wp\/v2\/posts\/126\/revisions"}],"predecessor-version":[{"id":212,"href":"https:\/\/mascasaverde.org\/index.php\/wp-json\/wp\/v2\/posts\/126\/revisions\/212"}],"wp:featuredmedia":[{"embeddable":true,"href":"https:\/\/mascasaverde.org\/index.php\/wp-json\/wp\/v2\/media\/129"}],"wp:attachment":[{"href":"https:\/\/mascasaverde.org\/index.php\/wp-json\/wp\/v2\/media?parent=126"}],"wp:term":[{"taxonomy":"category","embeddable":true,"href":"https:\/\/mascasaverde.org\/index.php\/wp-json\/wp\/v2\/categories?post=126"},{"taxonomy":"post_tag","embeddable":true,"href":"https:\/\/mascasaverde.org\/index.php\/wp-json\/wp\/v2\/tags?post=126"}],"curies":[{"name":"wp","href":"https:\/\/api.w.org\/{rel}","templated":true}]}}