{"id":111,"date":"2023-09-22T11:29:43","date_gmt":"2023-09-22T11:29:43","guid":{"rendered":"https:\/\/mascasaverde.org\/?p=111"},"modified":"2023-09-25T07:52:42","modified_gmt":"2023-09-25T07:52:42","slug":"arracamos","status":"publish","type":"post","link":"https:\/\/mascasaverde.org\/index.php\/2023\/09\/22\/arracamos\/","title":{"rendered":"ARRANCAMOS :)"},"content":{"rendered":"<p><span style=\"font-weight: 400;\">Este mes de septiembre, despu\u00e9s de dos meses de preparativos, arrancamos <strong>M\u00e1s Casa, un proyecto piloto de innovaci\u00f3n social<\/strong> que pretende dar respuesta a la escasez de pol\u00edticas preventivas y de atenci\u00f3n temprana a familias en riesgo, con problemas de salud mental o inestabilidad emocional. Nos dirigimos sobre todo a padres y madres que tengan hijos\/as entre 0 y 5 a\u00f1os y a mujeres embarazadas.<\/span><\/p>\n<p><span style=\"font-weight: 400;\">Hace algunos a\u00f1os, Fundaci\u00f3n Manantial puso en marcha e<\/span><span style=\"font-weight: 400;\">l programa <strong>Casa Verde<\/strong>, para trabajar en la prevenci\u00f3n en salud mental en la infancia y la atenci\u00f3n a las familias vulnerables, facilitando los apoyos y cambios necesarios para que los padres y madres en situaci\u00f3n de riesgo puedan ejercer su maternidad y paternidad en condiciones de igualdad con el resto de la poblaci\u00f3n, y contribuyendo a garantizar el derecho en la infancia a crecer en un ambiente de seguridad y cuidado.<\/span><\/p>\n<p><span style=\"font-weight: 400;\">Con este proyecto piloto de innovaci\u00f3n social queremos <strong>sistematizar y medir la metodolog\u00eda &#8220;Casa Verde&#8221;<\/strong> para dar respuestas efectivas a las familias en situaci\u00f3n de vulnerabilidad social y con problemas de salud mental o emocionales, cambiando as\u00ed el concepto de atenci\u00f3n a personas y familias en riesgo, para ofrecer un nuevo marco comparativo a otras entidades y profesionales.<\/span><\/p>\n<p><span style=\"font-weight: 400;\">De esta manera, esperamos contribuir a la<strong> modernizaci\u00f3n y mejora de los Servicios Sociales,<\/strong> orient\u00e1ndolos a la prevenci\u00f3n y al desarrollo de pol\u00edticas p\u00fablicas eficaces para la atenci\u00f3n a las familias y a la infancia en situaciones de vulnerabilidad, promoviendo sus derechos, ocup\u00e1ndose de su inclusi\u00f3n social efectiva y desarrollando sus capacidades para la autonom\u00eda.<\/span><\/p>\n<p><span style=\"font-weight: 400;\">M\u00e1s Casa est\u00e1 financiado por los fondos NextGenerationEU de la Uni\u00f3n Europea a trav\u00e9s del Plan de Transformaci\u00f3n, Recuperaci\u00f3n y Resiliencia del Gobierno de Espa\u00f1a, a trav\u00e9s de la convocatoria de proyectos piloto de innovaci\u00f3n social de la Consejer\u00eda de Juventud, Familia y Asuntos Sociales de la Comunidad de Madrid.\u00a0<\/span><\/p>\n<p>Os iremos informando del desarrollo del proyecto a trav\u00e9s de esta web y de nuestras redes sociales.<strong> \u00a1Estad atentos\/as!<\/strong><\/p>\n<p>Si quer\u00e9is saber un poquito m\u00e1s, echadle un vistazo a nuestro folleto de presentaci\u00f3n <a href=\"http:\/\/mascasaverde.org\/wp-content\/uploads\/2023\/09\/FOLLETO-MAS-CASA-ONLINE.pdf\" target=\"_blank\" rel=\"noopener\">aqu\u00ed<\/a><\/p>\n<p>&nbsp;<\/p>\n","protected":false},"excerpt":{"rendered":"<p>Este mes de septiembre, despu\u00e9s de dos meses de preparativos, arrancamos M\u00e1s Casa, un proyecto piloto de innovaci\u00f3n social que pretende dar respuesta a la escasez de pol\u00edticas preventivas y de atenci\u00f3n temprana a familias en riesgo, con problemas de salud mental o inestabilidad emocional. Nos dirigimos sobre todo a padres y madres que tengan [&hellip;]<\/p>\n","protected":false},"author":3,"featured_media":112,"comment_status":"closed","ping_status":"open","sticky":false,"template":"","format":"standard","meta":{"_et_pb_use_builder":"","_et_pb_old_content":"","_et_gb_content_width":"","footnotes":""},"categories":[1],"tags":[],"class_list":["post-111","post","type-post","status-publish","format-standard","has-post-thumbnail","hentry","category-sin-categoria"],"yoast_head":"<!-- This site is optimized with the Yoast SEO plugin v20.6 - https:\/\/yoast.com\/wordpress\/plugins\/seo\/ -->\n<title>ARRANCAMOS :) - Mas Casa Verde<\/title>\n<meta name=\"robots\" content=\"index, follow, max-snippet:-1, max-image-preview:large, max-video-preview:-1\" \/>\n<link rel=\"canonical\" href=\"https:\/\/mascasaverde.org\/index.php\/2023\/09\/22\/arracamos\/\" \/>\n<meta property=\"og:locale\" content=\"en_US\" \/>\n<meta property=\"og:type\" content=\"article\" \/>\n<meta property=\"og:title\" content=\"ARRANCAMOS :) - Mas Casa Verde\" \/>\n<meta property=\"og:description\" content=\"Este mes de septiembre, despu\u00e9s de dos meses de preparativos, arrancamos M\u00e1s Casa, un proyecto piloto de innovaci\u00f3n social que pretende dar respuesta a la escasez de pol\u00edticas preventivas y de atenci\u00f3n temprana a familias en riesgo, con problemas de salud mental o inestabilidad emocional. Nos dirigimos sobre todo a padres y madres que tengan [&hellip;]\" \/>\n<meta property=\"og:url\" content=\"https:\/\/mascasaverde.org\/index.php\/2023\/09\/22\/arracamos\/\" \/>\n<meta property=\"og:site_name\" content=\"Mas Casa Verde\" \/>\n<meta property=\"article:published_time\" content=\"2023-09-22T11:29:43+00:00\" \/>\n<meta property=\"article:modified_time\" content=\"2023-09-25T07:52:42+00:00\" \/>\n<meta property=\"og:image\" content=\"https:\/\/mascasaverde.org\/wp-content\/uploads\/2023\/09\/foto-stock-newsletter-scaled.jpg\" \/>\n\t<meta property=\"og:image:width\" content=\"2560\" \/>\n\t<meta property=\"og:image:height\" content=\"1634\" \/>\n\t<meta property=\"og:image:type\" content=\"image\/jpeg\" \/>\n<meta name=\"author\" content=\"M\u00e1s Casa\" \/>\n<meta name=\"twitter:card\" content=\"summary_large_image\" \/>\n<meta name=\"twitter:label1\" content=\"Written by\" \/>\n\t<meta name=\"twitter:data1\" content=\"M\u00e1s Casa\" \/>\n\t<meta name=\"twitter:label2\" content=\"Est. reading time\" \/>\n\t<meta name=\"twitter:data2\" content=\"2 minutes\" \/>\n<script type=\"application\/ld+json\" class=\"yoast-schema-graph\">{\"@context\":\"https:\/\/schema.org\",\"@graph\":[{\"@type\":\"WebPage\",\"@id\":\"https:\/\/mascasaverde.org\/index.php\/2023\/09\/22\/arracamos\/\",\"url\":\"https:\/\/mascasaverde.org\/index.php\/2023\/09\/22\/arracamos\/\",\"name\":\"ARRANCAMOS :) - Mas Casa Verde\",\"isPartOf\":{\"@id\":\"https:\/\/mascasaverde.org\/#website\"},\"datePublished\":\"2023-09-22T11:29:43+00:00\",\"dateModified\":\"2023-09-25T07:52:42+00:00\",\"author\":{\"@id\":\"https:\/\/mascasaverde.org\/#\/schema\/person\/3a2c5d2514d17262754e77c4f4ac4172\"},\"breadcrumb\":{\"@id\":\"https:\/\/mascasaverde.org\/index.php\/2023\/09\/22\/arracamos\/#breadcrumb\"},\"inLanguage\":\"en-US\",\"potentialAction\":[{\"@type\":\"ReadAction\",\"target\":[\"https:\/\/mascasaverde.org\/index.php\/2023\/09\/22\/arracamos\/\"]}]},{\"@type\":\"BreadcrumbList\",\"@id\":\"https:\/\/mascasaverde.org\/index.php\/2023\/09\/22\/arracamos\/#breadcrumb\",\"itemListElement\":[{\"@type\":\"ListItem\",\"position\":1,\"name\":\"Portada\",\"item\":\"https:\/\/mascasaverde.org\/\"},{\"@type\":\"ListItem\",\"position\":2,\"name\":\"ARRANCAMOS :)\"}]},{\"@type\":\"WebSite\",\"@id\":\"https:\/\/mascasaverde.org\/#website\",\"url\":\"https:\/\/mascasaverde.org\/\",\"name\":\"Mas Casa Verde\",\"description\":\"Un proyecto de Fundaci\u00f3n Manantial\",\"potentialAction\":[{\"@type\":\"SearchAction\",\"target\":{\"@type\":\"EntryPoint\",\"urlTemplate\":\"https:\/\/mascasaverde.org\/?s={search_term_string}\"},\"query-input\":\"required name=search_term_string\"}],\"inLanguage\":\"en-US\"},{\"@type\":\"Person\",\"@id\":\"https:\/\/mascasaverde.org\/#\/schema\/person\/3a2c5d2514d17262754e77c4f4ac4172\",\"name\":\"M\u00e1s Casa\",\"sameAs\":[\"http:\/\/ideahotel.es\"],\"url\":\"https:\/\/mascasaverde.org\/index.php\/author\/ideahotel-ext\/\"}]}<\/script>\n<!-- \/ Yoast SEO plugin. -->","yoast_head_json":{"title":"ARRANCAMOS :) - Mas Casa Verde","robots":{"index":"index","follow":"follow","max-snippet":"max-snippet:-1","max-image-preview":"max-image-preview:large","max-video-preview":"max-video-preview:-1"},"canonical":"https:\/\/mascasaverde.org\/index.php\/2023\/09\/22\/arracamos\/","og_locale":"en_US","og_type":"article","og_title":"ARRANCAMOS :) - Mas Casa Verde","og_description":"Este mes de septiembre, despu\u00e9s de dos meses de preparativos, arrancamos M\u00e1s Casa, un proyecto piloto de innovaci\u00f3n social que pretende dar respuesta a la escasez de pol\u00edticas preventivas y de atenci\u00f3n temprana a familias en riesgo, con problemas de salud mental o inestabilidad emocional. Nos dirigimos sobre todo a padres y madres que tengan [&hellip;]","og_url":"https:\/\/mascasaverde.org\/index.php\/2023\/09\/22\/arracamos\/","og_site_name":"Mas Casa Verde","article_published_time":"2023-09-22T11:29:43+00:00","article_modified_time":"2023-09-25T07:52:42+00:00","og_image":[{"width":2560,"height":1634,"url":"https:\/\/mascasaverde.org\/wp-content\/uploads\/2023\/09\/foto-stock-newsletter-scaled.jpg","type":"image\/jpeg"}],"author":"M\u00e1s Casa","twitter_card":"summary_large_image","twitter_misc":{"Written by":"M\u00e1s Casa","Est. reading time":"2 minutes"},"schema":{"@context":"https:\/\/schema.org","@graph":[{"@type":"WebPage","@id":"https:\/\/mascasaverde.org\/index.php\/2023\/09\/22\/arracamos\/","url":"https:\/\/mascasaverde.org\/index.php\/2023\/09\/22\/arracamos\/","name":"ARRANCAMOS :) - Mas Casa Verde","isPartOf":{"@id":"https:\/\/mascasaverde.org\/#website"},"datePublished":"2023-09-22T11:29:43+00:00","dateModified":"2023-09-25T07:52:42+00:00","author":{"@id":"https:\/\/mascasaverde.org\/#\/schema\/person\/3a2c5d2514d17262754e77c4f4ac4172"},"breadcrumb":{"@id":"https:\/\/mascasaverde.org\/index.php\/2023\/09\/22\/arracamos\/#breadcrumb"},"inLanguage":"en-US","potentialAction":[{"@type":"ReadAction","target":["https:\/\/mascasaverde.org\/index.php\/2023\/09\/22\/arracamos\/"]}]},{"@type":"BreadcrumbList","@id":"https:\/\/mascasaverde.org\/index.php\/2023\/09\/22\/arracamos\/#breadcrumb","itemListElement":[{"@type":"ListItem","position":1,"name":"Portada","item":"https:\/\/mascasaverde.org\/"},{"@type":"ListItem","position":2,"name":"ARRANCAMOS :)"}]},{"@type":"WebSite","@id":"https:\/\/mascasaverde.org\/#website","url":"https:\/\/mascasaverde.org\/","name":"Mas Casa Verde","description":"Un proyecto de Fundaci\u00f3n Manantial","potentialAction":[{"@type":"SearchAction","target":{"@type":"EntryPoint","urlTemplate":"https:\/\/mascasaverde.org\/?s={search_term_string}"},"query-input":"required name=search_term_string"}],"inLanguage":"en-US"},{"@type":"Person","@id":"https:\/\/mascasaverde.org\/#\/schema\/person\/3a2c5d2514d17262754e77c4f4ac4172","name":"M\u00e1s Casa","sameAs":["http:\/\/ideahotel.es"],"url":"https:\/\/mascasaverde.org\/index.php\/author\/ideahotel-ext\/"}]}},"_links":{"self":[{"href":"https:\/\/mascasaverde.org\/index.php\/wp-json\/wp\/v2\/posts\/111","targetHints":{"allow":["GET"]}}],"collection":[{"href":"https:\/\/mascasaverde.org\/index.php\/wp-json\/wp\/v2\/posts"}],"about":[{"href":"https:\/\/mascasaverde.org\/index.php\/wp-json\/wp\/v2\/types\/post"}],"author":[{"embeddable":true,"href":"https:\/\/mascasaverde.org\/index.php\/wp-json\/wp\/v2\/users\/3"}],"replies":[{"embeddable":true,"href":"https:\/\/mascasaverde.org\/index.php\/wp-json\/wp\/v2\/comments?post=111"}],"version-history":[{"count":5,"href":"https:\/\/mascasaverde.org\/index.php\/wp-json\/wp\/v2\/posts\/111\/revisions"}],"predecessor-version":[{"id":118,"href":"https:\/\/mascasaverde.org\/index.php\/wp-json\/wp\/v2\/posts\/111\/revisions\/118"}],"wp:featuredmedia":[{"embeddable":true,"href":"https:\/\/mascasaverde.org\/index.php\/wp-json\/wp\/v2\/media\/112"}],"wp:attachment":[{"href":"https:\/\/mascasaverde.org\/index.php\/wp-json\/wp\/v2\/media?parent=111"}],"wp:term":[{"taxonomy":"category","embeddable":true,"href":"https:\/\/mascasaverde.org\/index.php\/wp-json\/wp\/v2\/categories?post=111"},{"taxonomy":"post_tag","embeddable":true,"href":"https:\/\/mascasaverde.org\/index.php\/wp-json\/wp\/v2\/tags?post=111"}],"curies":[{"name":"wp","href":"https:\/\/api.w.org\/{rel}","templated":true}]}}